{"id":17832,"date":"2025-08-01T08:35:47","date_gmt":"2025-08-01T12:35:47","guid":{"rendered":"https:\/\/agromt.news\/?p=17832"},"modified":"2025-08-01T08:35:47","modified_gmt":"2025-08-01T12:35:47","slug":"esperanca-alivio-e-duvida-setores-de-suco-de-laranja-pescado-frutas-e-madeira-reagem-ao-tarifaco","status":"publish","type":"post","link":"https:\/\/agromt.news\/?p=17832","title":{"rendered":"Esperan\u00e7a, al\u00edvio e d\u00favida: setores de suco de laranja, pescado, frutas e madeira reagem ao tarifa\u00e7o"},"content":{"rendered":"<p> <br \/>\n<br \/><img decoding=\"async\" src=\"https:\/\/agromt.news\/wp-content\/uploads\/2025\/07\/Sem-citar-Brasil-EUA-estuda-nao-aplicar-tarifas-para-cafe.jpeg\" \/><\/p>\n<div>\n<p>Ap\u00f3s semanas de expectativa sobre a implementa\u00e7\u00e3o da tarifa de 50% sobre exporta\u00e7\u00f5es brasileiras pelos EUA, Donald Trump assinou na \u00faltima quarta-feira (30), uma Ordem Executiva que determina que a taxa\u00e7\u00e3o passe a vigorar no dia 6 agosto. No entanto, a medida veio com uma <a href=\"https:\/\/www.canalrural.com.br\/economia\/suco-de-laranja-e-castanhas-nao-serao-taxados-por-trump\/\">lista com quase 700 exce\u00e7\u00f5es<\/a>.<\/p>\n<p>Para alguns setores, que escaparam do chamado tarifa\u00e7o, a sensa\u00e7\u00e3o foi de al\u00edvio. \u00c9 o caso o suco de laranja, por exemplo. Segundo o diretor-executivo da Associa\u00e7\u00e3o Nacional dos Exportadores de Sucos C\u00edtricos (CitrusBR), Ibiapaba Netto, a medida impede um impacto bilion\u00e1rio sobre as exporta\u00e7\u00f5es brasileiras, estimado em R$ 3,6 bilh\u00f5es.<\/p>\n<p>\u201c\u00c9 uma rela\u00e7\u00e3o de interdepend\u00eancia. Essa concess\u00e3o foi feita pelo governo americano para proteger as empresas locais, que dependem do nosso produto. N\u00e3o foi um benef\u00edcio ao Brasil, mas aceitamos essa carona com muito al\u00edvio\u201d, afirmou Netto.<\/p>\n<p>J\u00e1 o setor do pescado v\u00ea a situa\u00e7\u00e3o com preocupa\u00e7\u00e3o, pois 90% das exporta\u00e7\u00f5es de tilapia v\u00e3o para os EUA.<\/p>\n<p><em>Veja em primeira m\u00e3o tudo sobre agricultura, pecu\u00e1ria, economia e previs\u00e3o do tempo:<\/em><a href=\"https:\/\/news.google.com\/publications\/CAAqBwgKMPKZlQswq_mqAw?hl=pt-BR&amp;gl=BR&amp;ceid=BR%3Apt-419\" target=\"_blank\" rel=\"noreferrer noopener\"><em>\u00a0siga o Canal Rural no Google News!<\/em><\/a><\/p>\n<p>\u201cOs pescados e, em especial, a til\u00e1pia, n\u00e3o foram inclu\u00eddos na lista dos produtos que ficaram exclu\u00eddos da taxa de 50%. A entrada em vigor da nova taxa\u00e7\u00e3o ser\u00e1 dia 6 de agosto e at\u00e9 l\u00e1 n\u00f3s continuaremos a embarcar fil\u00e9 fresco de til\u00e1pia via a\u00e9rea. N\u00f3s continuamos conversando com os parceiros americanos para inclus\u00e3o da til\u00e1pia, mas acreditamos ser fundamental o in\u00edcio das negocia\u00e7\u00f5es do presidente Lula com o presidente Trump. Os Estados Unidos s\u00e3o o maior importador de fil\u00e9 de til\u00e1pia do mundo e, neste momento, n\u00e3o tem outro pa\u00eds para suprir a demanda de fil\u00e9 fresco. O maior fornecedor de fil\u00e9 congelado para os Estados Unidos \u00e9 a China, assim, a negocia\u00e7\u00e3o do governo americano com a China ser\u00e1 crucial para o nosso neg\u00f3cio\u201d, diz em nota a Associa\u00e7\u00e3o Brasileira de Pisicultura (Peixe Br).<\/p>\n<\/div>\n<div>\n<p>Esperan\u00e7a e cautela marcam o posicionamento da Associa\u00e7\u00e3o Brasileira de Produtores e Exportadores de Frutas e Derivados (Abrafrutas) que tem no pa\u00eds comandado por Trump um dos seu maiores compradores de frutas, como a <a href=\"https:\/\/www.canalrural.com.br\/agricultura\/importadores-de-manga-dos-eua-estao-prontos-para-receber-mas-brasil-nao-entregara\/\">manga<\/a>. Em nota, a entidade diz que acompanha as negocia\u00e7\u00f5es entre Brasil e EUA e espera uma solu\u00e7\u00e3o para o impasse.<\/p>\n<p>\u201cA  Associa\u00e7\u00e3o Brasileira de Produtores e Exportadores de Frutas e Derivados (Abrafrutas) seguir\u00e1 acompanhado as negocia\u00e7\u00f5es entre os governos dos dois pa\u00edses com a expectativa de um acordo que mantenha o mercado americano atrativo para as frutas brasileiras. A associa\u00e7\u00e3o tamb\u00e9m continua apoiando os seus associados na interlocu\u00e7\u00e3o com os importadores americanos e com o governo brasileiro na busca de medidas que possam mitigar preju\u00edzos.\u201d<\/p>\n<h2 class=\"wp-block-heading\" id=\"h-duvida\">D\u00favida<\/h2>\n<p>O extenso documento que determina o tarifa\u00e7o e a lista de exce\u00e7\u00f5es deixou margem para d\u00favidas em alguns setores. Para a Associa\u00e7\u00e3o Brasileira da Ind\u00fastria de Madeira Processada Mecanicamente (Abimci), que viu <a href=\"https:\/\/www.canalrural.com.br\/nacional\/apos-ferias-coletivas-tarifaco-faz-industria-da-madeira-iniciar-demissoes\/\">algumas empresas do setor decretar f\u00e9rias coletivas e at\u00e9 promover demiss\u00f5es<\/a>, entende que tarifa extra incidir\u00e1 sobre os produtos, no entanto fala em \u201can\u00e1lise criteriosa\u201d sobre a situa\u00e7\u00e3o.<\/p>\n<p>\u201cA Associa\u00e7\u00e3o Brasileira da Ind\u00fastria de Madeira Processada Mecanicamente (Abimci) informa que, conforme an\u00e1lise preliminar, a maioria dos produtos do setor, em especial os provenientes de florestas plantadas, n\u00e3o foram inclu\u00eddos na lista de exce\u00e7\u00f5es divulgada no Anexo I da medida. Dessa forma, entendemos que a tarifa adicional de 40% incidir\u00e1 sobre as al\u00edquotas rec\u00edprocas j\u00e1 vigentes de 10%\u201d<\/p>\n<p>Em outro trecho da nota, a Abimci diz que aguarda mais esclarecimentos das autoriadades americanas sobre as isen\u00e7\u00f5es relacionadas ao setor da madeira.<\/p>\n<p>\u201cAs interpreta\u00e7\u00f5es aqui apresentadas s\u00e3o preliminares, uma vez que ainda aguardamos a publica\u00e7\u00e3o do guia de implementa\u00e7\u00e3o pela <em>Customs and Border Protection<\/em> (CBP), \u00f3rg\u00e3o respons\u00e1vel pela aplica\u00e7\u00e3o das regras aduaneiras nos EUA, que dever\u00e1 trazer esclarecimentos definitivos sobre os procedimentos tribut\u00e1rios.\u201d<\/p>\n<\/p><\/div>\n<p><br \/>\n<br \/><a href=\"https:\/\/www.canalrural.com.br\/diversos\/esperanca-alivio-e-duvida-setores-de-suco-de-laranja-pescado-frutas-e-madeira-reagem-ao-tarifaco\/\">Source link <\/a><\/p>\n","protected":false},"excerpt":{"rendered":"<p>Ap\u00f3s semanas de expectativa sobre a implementa\u00e7\u00e3o da tarifa de 50% sobre exporta\u00e7\u00f5es brasileiras pelos EUA, Donald Trump assinou na<\/p>\n","protected":false},"author":1,"featured_media":17640,"comment_status":"open","ping_status":"open","sticky":false,"template":"","format":"standard","meta":{"_monsterinsights_skip_tracking":false,"_monsterinsights_sitenote_active":false,"_monsterinsights_sitenote_note":"","_monsterinsights_sitenote_category":0,"_uf_show_specific_survey":0,"_uf_disable_surveys":false,"footnotes":""},"categories":[1],"tags":[],"class_list":["post-17832","post","type-post","status-publish","format-standard","has-post-thumbnail","hentry","category-news"],"_links":{"self":[{"href":"https:\/\/agromt.news\/index.php?rest_route=\/wp\/v2\/posts\/17832"}],"collection":[{"href":"https:\/\/agromt.news\/index.php?rest_route=\/wp\/v2\/posts"}],"about":[{"href":"https:\/\/agromt.news\/index.php?rest_route=\/wp\/v2\/types\/post"}],"author":[{"embeddable":true,"href":"https:\/\/agromt.news\/index.php?rest_route=\/wp\/v2\/users\/1"}],"replies":[{"embeddable":true,"href":"https:\/\/agromt.news\/index.php?rest_route=%2Fwp%2Fv2%2Fcomments&post=17832"}],"version-history":[{"count":0,"href":"https:\/\/agromt.news\/index.php?rest_route=\/wp\/v2\/posts\/17832\/revisions"}],"wp:featuredmedia":[{"embeddable":true,"href":"https:\/\/agromt.news\/index.php?rest_route=\/wp\/v2\/media\/17640"}],"wp:attachment":[{"href":"https:\/\/agromt.news\/index.php?rest_route=%2Fwp%2Fv2%2Fmedia&parent=17832"}],"wp:term":[{"taxonomy":"category","embeddable":true,"href":"https:\/\/agromt.news\/index.php?rest_route=%2Fwp%2Fv2%2Fcategories&post=17832"},{"taxonomy":"post_tag","embeddable":true,"href":"https:\/\/agromt.news\/index.php?rest_route=%2Fwp%2Fv2%2Ftags&post=17832"}],"curies":[{"name":"wp","href":"https:\/\/api.w.org\/{rel}","templated":true}]}}