{"id":17828,"date":"2025-08-01T07:21:49","date_gmt":"2025-08-01T11:21:49","guid":{"rendered":"https:\/\/agromt.news\/?p=17828"},"modified":"2025-08-01T07:21:49","modified_gmt":"2025-08-01T11:21:49","slug":"agosto-comeca-com-menos-frio-e-chuva-forte-veja-a-previsao-do-tempo","status":"publish","type":"post","link":"https:\/\/agromt.news\/?p=17828","title":{"rendered":"Agosto come\u00e7a com menos frio e chuva forte; veja a previs\u00e3o do tempo"},"content":{"rendered":"<p> <br \/>\n<br \/><img decoding=\"async\" src=\"https:\/\/agromt.news\/wp-content\/uploads\/2025\/05\/Estado-recebe-alerta-de-perigo-para-chuva-de-100-mm.jpg\" \/><\/p>\n<div>\n<p>Volta a ter <a href=\"https:\/\/www.canalrural.com.br\/tempo\/geada-e-calor-de-38c-agosto-comeca-com-extremos-veja-previsao\/\">chuva nesta sexta-feira (1)<\/a> no Rio Grande do Sul, principalmente na faixa oeste, Campanha e sul do estado, na forma de pancadas de moderada a forte intensidade. A instabilidade \u00e9 causada pela atua\u00e7\u00e3o de um cavado e pelo forte transporte de umidade vindo do Norte do Brasil. J\u00e1 no norte ga\u00facho, em Santa Catarina e no Paran\u00e1, o tempo segue firme, sem previs\u00e3o de chuva e com predom\u00ednio de sol. Outro destaque importante \u00e9 para os ventos na faixa centro-oeste do Rio Grande do Sul, onde as rajadas podem soprar entre 51 e 70 km\/h. No norte do Paran\u00e1, a aten\u00e7\u00e3o \u00e9 para a umidade relativa do ar, que deve ficar abaixo dos 30% nos hor\u00e1rios mais quentes do dia.<\/p>\n<p>No Sudeste, o tempo permanece firme nos quatro estados. O destaque vai para o tempo seco durante os per\u00edodos mais quentes do dia, principalmente no interior de S\u00e3o Paulo e de Minas Gerais, onde a umidade relativa do ar pode cair abaixo de 30%. Na faixa noroeste paulista e no Tri\u00e2ngulo Mineiro, os \u00edndices podem ser ainda mais cr\u00edticos, chegando a menos de 20%. As temperaturas sobem gradualmente em compara\u00e7\u00e3o ao in\u00edcio da semana, reflexo da mudan\u00e7a na dire\u00e7\u00e3o dos ventos e do afastamento do ar frio.<\/p>\n<p><em>Veja em primeira m\u00e3o tudo sobre agricultura, pecu\u00e1ria, economia e previs\u00e3o do tempo:<\/em><a href=\"https:\/\/news.google.com\/publications\/CAAqBwgKMPKZlQswq_mqAw?hl=pt-BR&amp;gl=BR&amp;ceid=BR%3Apt-419\" target=\"_blank\" rel=\"noreferrer noopener\"><em>\u00a0siga o Canal Rural no Google News!<\/em><\/a><\/p>\n<\/div>\n<div>\n<p>Enquanto no Centro-Oeste, a sexta-feira tamb\u00e9m ser\u00e1 marcada por tempo firme e aus\u00eancia de chuva. A aten\u00e7\u00e3o fica para o ar seco, com umidade relativa do ar abaixo de 30% em praticamente toda a regi\u00e3o. Em \u00e1reas do centro-norte do Mato Grosso do Sul, leste de Mato Grosso, Goi\u00e1s e Distrito Federal, os \u00edndices podem chegar a n\u00edveis cr\u00edticos, abaixo de 20%. H\u00e1 tamb\u00e9m previs\u00e3o de ventos mais intensos no sudoeste do Mato Grosso do Sul, com rajadas entre 51 e 70 km\/h.<\/p>\n<p>J\u00e1 no Nordeste, a instabilidade se concentra no litoral. A presen\u00e7a de uma frente fria na altura da Bahia estimula chuvas mais frequentes na faixa leste. O destaque \u00e9 para o litoral norte da Bahia, incluindo a capital Salvador, e para o litoral de Sergipe, abrangendo Aracaju. At\u00e9 o litoral do Rio Grande do Norte, as pancadas de chuva ocorrem de moderada a forte intensidade. Nas demais \u00e1reas litor\u00e2neas, a chuva \u00e9 provocada pela circula\u00e7\u00e3o dos ventos do mar para o continente. No interior nordestino, o cen\u00e1rio segue de tempo seco, com umidade relativa do ar abaixo de 30% nos hor\u00e1rios mais quentes do dia.<\/p>\n<p>E na Regi\u00e3o Norte, a Zona de Converg\u00eancia Intertropical (ZCIT) mant\u00e9m chuvas na forma de pancadas moderadas a fortes no centro-norte do Amazonas, em Roraima, no centro-norte do Par\u00e1 e no Amap\u00e1. No restante da regi\u00e3o, o tempo firme predomina. No sul do Par\u00e1 e em Tocantins, a baixa umidade tamb\u00e9m chama aten\u00e7\u00e3o, com \u00edndices abaixo de 30% durante a tarde.<\/p>\n<div data-icp-cta=\"1\" id=\"icp-cta-unique\">Voc\u00ea quer entender como usar o clima a seu favor?<b> <\/b><a href=\"https:\/\/climacampo.canalrural.com.br\/climacampo_-01\">Preparamos um e-book exclusivo<\/a> para ajudar produtores rurais a se antecipar \u00e0s mudan\u00e7as do tempo e planejar melhor suas a\u00e7\u00f5es. Com base em previs\u00f5es meteorol\u00f3gicas confi\u00e1veis, ele oferece orienta\u00e7\u00f5es pr\u00e1ticas para proteger sua lavoura e otimizar seus resultados.<\/div>\n<\/div>\n<p><br \/>\n<br \/><a href=\"https:\/\/www.canalrural.com.br\/tempo\/agosto-comeca-com-menos-frio-e-chuva-forte-veja-a-previsao-do-tempo\/\">Source link <\/a><\/p>\n","protected":false},"excerpt":{"rendered":"<p>Volta a ter chuva nesta sexta-feira (1) no Rio Grande do Sul, principalmente na faixa oeste, Campanha e sul do<\/p>\n","protected":false},"author":1,"featured_media":13933,"comment_status":"open","ping_status":"open","sticky":false,"template":"","format":"standard","meta":{"_monsterinsights_skip_tracking":false,"_monsterinsights_sitenote_active":false,"_monsterinsights_sitenote_note":"","_monsterinsights_sitenote_category":0,"_uf_show_specific_survey":0,"_uf_disable_surveys":false,"footnotes":""},"categories":[1],"tags":[],"class_list":["post-17828","post","type-post","status-publish","format-standard","has-post-thumbnail","hentry","category-news"],"_links":{"self":[{"href":"https:\/\/agromt.news\/index.php?rest_route=\/wp\/v2\/posts\/17828"}],"collection":[{"href":"https:\/\/agromt.news\/index.php?rest_route=\/wp\/v2\/posts"}],"about":[{"href":"https:\/\/agromt.news\/index.php?rest_route=\/wp\/v2\/types\/post"}],"author":[{"embeddable":true,"href":"https:\/\/agromt.news\/index.php?rest_route=\/wp\/v2\/users\/1"}],"replies":[{"embeddable":true,"href":"https:\/\/agromt.news\/index.php?rest_route=%2Fwp%2Fv2%2Fcomments&post=17828"}],"version-history":[{"count":0,"href":"https:\/\/agromt.news\/index.php?rest_route=\/wp\/v2\/posts\/17828\/revisions"}],"wp:featuredmedia":[{"embeddable":true,"href":"https:\/\/agromt.news\/index.php?rest_route=\/wp\/v2\/media\/13933"}],"wp:attachment":[{"href":"https:\/\/agromt.news\/index.php?rest_route=%2Fwp%2Fv2%2Fmedia&parent=17828"}],"wp:term":[{"taxonomy":"category","embeddable":true,"href":"https:\/\/agromt.news\/index.php?rest_route=%2Fwp%2Fv2%2Fcategories&post=17828"},{"taxonomy":"post_tag","embeddable":true,"href":"https:\/\/agromt.news\/index.php?rest_route=%2Fwp%2Fv2%2Ftags&post=17828"}],"curies":[{"name":"wp","href":"https:\/\/api.w.org\/{rel}","templated":true}]}}