{"id":17826,"date":"2025-08-01T06:21:09","date_gmt":"2025-08-01T10:21:09","guid":{"rendered":"https:\/\/agromt.news\/?p=17826"},"modified":"2025-08-01T06:21:09","modified_gmt":"2025-08-01T10:21:09","slug":"com-apoio-do-ali-rural-produtora-de-barretos-amplia-a-horta","status":"publish","type":"post","link":"https:\/\/agromt.news\/?p=17826","title":{"rendered":"Com apoio do ALI Rural, produtora de Barretos amplia a horta"},"content":{"rendered":"<p> <br \/>\n<br \/><img decoding=\"async\" src=\"https:\/\/agromt.news\/wp-content\/uploads\/2025\/08\/Com-apoio-do-ALI-Rural-produtora-de-Barretos-amplia-a.jpeg\" \/><\/p>\n<div>\n<p>A produtora Elaine Dias, da cidade de Barretos (SP), j\u00e1 acumula 12 anos de experi\u00eancia no cultivo de hortali\u00e7as. No entanto, foi nos \u00faltimos seis meses que ela viu mudan\u00e7as significativas acontecerem em sua horta. O motivo? Sua participa\u00e7\u00e3o no projeto <a href=\"https:\/\/contato.sebraesp.com.br\/alirural\/\">ALI Rural<\/a>, do Sebrae.<\/p>\n<p>\u201cMuita coisa mudou por aqui, em quest\u00e3o de tanto do plantio, planejamento do plantio, como tamb\u00e9m planejamento financeiro\u201d, afirma Elaine.<\/p>\n<p>Al\u00e9m da gest\u00e3o, o impacto tamb\u00e9m chegou nas vendas. Com orienta\u00e7\u00e3o t\u00e9cnica e acompanhamento direto de um Agente Local de Inova\u00e7\u00e3o, ela conseguiu ampliar a produ\u00e7\u00e3o e conquistar mais clientes. \u201cO projeto ALI Rural veio para mudar mesmo, inclusive n\u00f3s at\u00e9 ampliamos a nossa produ\u00e7\u00e3o, tamb\u00e9m e melhoramos muito, gra\u00e7as ao projeto ALI Rural.\u201d, destaca.<\/p>\n<ul class=\"wp-block-list\">\n<li><em>Participe do Porteira Aberta Empreender: envie perguntas, sugest\u00f5es e conte sua hist\u00f3ria de empreendedorismo pelo <\/em><a href=\"https:\/\/api.whatsapp.com\/send?phone=5511932796720&amp;PorteiraAbertaEmpreender=SuaMensagem\"><strong>WhatsApp<\/strong><\/a><\/li>\n<\/ul>\n<p>O <a href=\"https:\/\/www.canalrural.com.br\/empreendedorismo\/saiba-como-o-ali-rural-impulsiona-a-gestao-e-os-lucros-do-produtor\/\">ALI Rural<\/a> \u00e9 uma iniciativa do Sebrae que leva inova\u00e7\u00e3o e ferramentas de gest\u00e3o diretamente para o campo. A proposta \u00e9 simples: apoiar pequenos produtores com solu\u00e7\u00f5es pr\u00e1ticas e personalizadas, promovendo mais efici\u00eancia e resultados reais.<\/p>\n<\/div>\n<div>\n<p>\u201cEu sou muito grata ao Sebrae pelo que eles fizeram por mim, pela aten\u00e7\u00e3o que\u00a0deram, foi muito bom mesmo\u201d, completa Elaine.<\/p>\n<p>A trajet\u00f3ria da Horta Vit\u00f3ria mostra como o acesso ao conhecimento e \u00e0 inova\u00e7\u00e3o pode transformar a agricultura familiar. Com apoio certo e orienta\u00e7\u00e3o t\u00e9cnica, \u00e9 poss\u00edvel crescer com sustentabilidade e seguran\u00e7a.<\/p>\n<h2 class=\"wp-block-heading has-medium-font-size\" id=\"h-veja-como-participar-do-ali-rural\"><strong>Veja como participar do ALI Rural<\/strong><\/h2>\n<p class=\"has-medium-font-size\">O programa do Sebrae-SP oferece 12 meses de acompanhamento t\u00e9cnico gratuito para impulsionar a inova\u00e7\u00e3o no campo, reduzir custos, melhorar a gest\u00e3o e ampliar o acesso ao mercado.<\/p>\n<p class=\"has-medium-font-size\">Saiba mais e inscreva-se:<a href=\"https:\/\/contato.sebraesp.com.br\/alirural\"> https:\/\/contato.sebraesp.com.br\/alirural<\/a><\/p>\n<\/p><\/div>\n<p><br \/>\n<br \/><a href=\"https:\/\/www.canalrural.com.br\/empreendedorismo\/com-apoio-do-ali-rural-produtora-de-barretos-amplia-a-horta\/\">Source link <\/a><\/p>\n","protected":false},"excerpt":{"rendered":"<p>A produtora Elaine Dias, da cidade de Barretos (SP), j\u00e1 acumula 12 anos de experi\u00eancia no cultivo de hortali\u00e7as. No<\/p>\n","protected":false},"author":1,"featured_media":17827,"comment_status":"open","ping_status":"open","sticky":false,"template":"","format":"standard","meta":{"_monsterinsights_skip_tracking":false,"_monsterinsights_sitenote_active":false,"_monsterinsights_sitenote_note":"","_monsterinsights_sitenote_category":0,"_uf_show_specific_survey":0,"_uf_disable_surveys":false,"footnotes":""},"categories":[1],"tags":[],"class_list":["post-17826","post","type-post","status-publish","format-standard","has-post-thumbnail","hentry","category-news"],"_links":{"self":[{"href":"https:\/\/agromt.news\/index.php?rest_route=\/wp\/v2\/posts\/17826"}],"collection":[{"href":"https:\/\/agromt.news\/index.php?rest_route=\/wp\/v2\/posts"}],"about":[{"href":"https:\/\/agromt.news\/index.php?rest_route=\/wp\/v2\/types\/post"}],"author":[{"embeddable":true,"href":"https:\/\/agromt.news\/index.php?rest_route=\/wp\/v2\/users\/1"}],"replies":[{"embeddable":true,"href":"https:\/\/agromt.news\/index.php?rest_route=%2Fwp%2Fv2%2Fcomments&post=17826"}],"version-history":[{"count":0,"href":"https:\/\/agromt.news\/index.php?rest_route=\/wp\/v2\/posts\/17826\/revisions"}],"wp:featuredmedia":[{"embeddable":true,"href":"https:\/\/agromt.news\/index.php?rest_route=\/wp\/v2\/media\/17827"}],"wp:attachment":[{"href":"https:\/\/agromt.news\/index.php?rest_route=%2Fwp%2Fv2%2Fmedia&parent=17826"}],"wp:term":[{"taxonomy":"category","embeddable":true,"href":"https:\/\/agromt.news\/index.php?rest_route=%2Fwp%2Fv2%2Fcategories&post=17826"},{"taxonomy":"post_tag","embeddable":true,"href":"https:\/\/agromt.news\/index.php?rest_route=%2Fwp%2Fv2%2Ftags&post=17826"}],"curies":[{"name":"wp","href":"https:\/\/api.w.org\/{rel}","templated":true}]}}