{"id":17825,"date":"2025-08-01T05:45:38","date_gmt":"2025-08-01T09:45:38","guid":{"rendered":"https:\/\/agromt.news\/?p=17825"},"modified":"2025-08-01T05:45:38","modified_gmt":"2025-08-01T09:45:38","slug":"acumulo-de-frio-permite-inicio-da-poda","status":"publish","type":"post","link":"https:\/\/agromt.news\/?p=17825","title":{"rendered":"ac\u00famulo de frio permite in\u00edcio da poda"},"content":{"rendered":"<p> <br \/>\n<\/p>\n<div>\n<div class=\"row\">\n<div class=\"col-lg col-infos mt-0 mt-lg-0\">\n<div class=\"section-sub-title\">\n<p itemprop=\"description\">&#13;<br \/>\n                                Produtores iniciam manejo de inverno nas vinhas&#13;\n                            <\/p>\n<\/p><\/div>\n<div class=\"container\">\n<div class=\"row\">\n<div class=\"col-lg p-0\">\n<div>\n<div class=\"block-news-main-infos mt-3 text-start\">\n<p>                                            <strong class=\"fn\" itemprop=\"author\" style=\"color: rgb(112, 112, 112); \">&#13;<br \/>\n                                                <a href=\"https:\/\/www.agrolink.com.br\/noticias\/javascript:;\" class=\"text-uppercase\" target=\"_blank\" style=\"color: rgb(112, 112, 112); \" rel=\"noopener\">Agrolink<\/a>&#13;<br \/>\n&#13;<br \/>\n                                                    &#8211; Seane Lennon&#13;<br \/>\n&#13;<br \/>\n                                            <\/strong><br \/>\n                                        <\/p>\n<p>                                            <abbr><time datetime=\"2025-07-31T18:30\" itemprop=\"datePublished dateModified\">Publicado em 31\/07\/2025 \u00e0s 18:30h.<\/time><\/abbr><br \/>\n                                            <\/p><\/div>\n<\/p><\/div>\n<\/p><\/div>\n<div class=\"col-lg p-0 text-lg-end\">\n<div>\n<div id=\"mdEnviarPagina\" class=\"modal fade\" role=\"dialog\">\n<div class=\"modal-dialog\">\n<div class=\"modal-content\">\n<div class=\"modal-body\">\n<p><strong>Estimado usu\u00e1rio.<\/strong><br \/>Preencha o formul\u00e1rio abaixo para remeter a p\u00e1gina.<\/p>\n<\/p><\/div>\n<\/p><\/div>\n<\/p><\/div>\n<\/div><\/div>\n<\/p><\/div>\n<\/p><\/div>\n<\/p><\/div>\n<\/p><\/div>\n<\/p><\/div>\n<div class=\"row justify-content-md-center mt-3\">\n<div class=\"col-lg-auto col-image block-news-main-image\">\n<p>                                <img decoding=\"async\" src=\"https:\/\/www.agrolink.com.br\/upload\/imagens-resizes\/04bbda0757ba4e10af8e516549a088b8_858x483.jpg\" class=\"lazyload img-fluid\"\/><br \/>\n                                                <span class=\"publicity-photo d-block mt-1\">Foto: Divulga\u00e7\u00e3o<\/span><\/p><\/div>\n<\/p><\/div>\n<div class=\"section-description section-description-noticias mt-3\">\n<p style=\"text-align:justify\">A poda das videiras come\u00e7ou a ganhar intensidade na regi\u00e3o administrativa da Emater\/RS-Ascar de Caxias do Sul, conforme aponta o Informativo Conjuntural divulgado na quinta-feira (31). A atividade dever\u00e1 se estender at\u00e9 agosto, aproveitando as condi\u00e7\u00f5es clim\u00e1ticas atuais. Segundo a Emater\/RS-Ascar, \u201cs\u00e3o necess\u00e1rios cerca de 12 dias para concluir a poda de um hectare, o que representa uma m\u00e9dia de 183 plantas podadas por dia por pessoa\u201d.&#13;\n<\/p>\n<p style=\"text-align:justify\">Por precau\u00e7\u00e3o, o in\u00edcio da poda ocorre, prioritariamente, nas \u00e1reas com menor risco de geadas tardias, especialmente em regi\u00f5es mais elevadas. Em \u00e1reas mais baixas, os viticultores optam por adiar a poda de inverno para evitar que brota\u00e7\u00f5es precoces sejam danificadas por geadas. \u201cOs produtores tamb\u00e9m realizam tratamentos de inverno nas videiras, com uso predominante da calda sulfoc\u00e1lcica\u201d, informa o boletim.&#13;\n<\/p>\n<p style=\"text-align:justify\">Na regi\u00e3o de Frederico Westphalen, as temperaturas oscilaram entre 10 \u00b0C e 25 \u00b0C. O ac\u00famulo de horas de frio at\u00e9 27 de julho, ou seja, o n\u00famero de horas com temperaturas inferiores a 7,2 \u00b0C, foi de 154 na esta\u00e7\u00e3o meteorol\u00f3gica de Caibi (SC) e 177 em Frederico Westphalen. Segundo a Emater\/RS-Ascar, \u201ca poda e o preparo dos vinhedos para a quebra da dorm\u00eancia foram iniciados, uma vez que a demanda m\u00ednima de horas de frio foi atingida\u201d.&#13;\n<\/p>\n<p style=\"text-align:justify\">Al\u00e9m disso, os produtores da regi\u00e3o iniciaram os preparativos para a aduba\u00e7\u00e3o com f\u00f3sforo e nitrog\u00eanio. Tamb\u00e9m est\u00e3o sendo feitas aplica\u00e7\u00f5es de calda sulfoc\u00e1lcica para combater in\u00f3culos de fungos e controlar cochonilhas nos troncos das plantas.<\/p>\n<\/p><\/div>\n<\/p><\/div>\n<p><script data-cfasync=\"false\">\n    !function (f, b, e, v, n, t, s) {\n        if (f.fbq) return; n = f.fbq = function () {\n            n.callMethod ?\n                n.callMethod.apply(n, arguments) : n.queue.push(arguments)\n        };\n        if (!f._fbq) f._fbq = n; n.push = n; n.loaded = !0; n.version = '2.0';\n        n.queue = []; t = b.createElement(e); t.async = !0;\n        t.src = v; s = b.getElementsByTagName(e)[0];\n        s.parentNode.insertBefore(t, s)\n    }(window, document, 'script',\n        'https:\/\/connect.facebook.net\/en_US\/fbevents.js');\n    fbq('init', '522546078623747');\n    fbq('track', 'PageView');\n<\/script><br \/>\n<br \/><br \/>\n<br \/><a href=\"https:\/\/www.agrolink.com.br\/noticias\/uva--acumulo-de-frio-permite-inicio-da-poda_504524.html\">Source link <\/a><\/p>\n","protected":false},"excerpt":{"rendered":"<p>&#13; Produtores iniciam manejo de inverno nas vinhas&#13; &#13; Agrolink&#13; &#13; &#8211; Seane Lennon&#13; &#13; Publicado em 31\/07\/2025 \u00e0s 18:30h.<\/p>\n","protected":false},"author":1,"featured_media":2444,"comment_status":"open","ping_status":"open","sticky":false,"template":"","format":"standard","meta":{"_monsterinsights_skip_tracking":false,"_monsterinsights_sitenote_active":false,"_monsterinsights_sitenote_note":"","_monsterinsights_sitenote_category":0,"_uf_show_specific_survey":0,"_uf_disable_surveys":false,"footnotes":""},"categories":[8,1,14],"tags":[],"class_list":["post-17825","post","type-post","status-publish","format-standard","has-post-thumbnail","hentry","category-agro","category-news","category-politica-agro"],"_links":{"self":[{"href":"https:\/\/agromt.news\/index.php?rest_route=\/wp\/v2\/posts\/17825"}],"collection":[{"href":"https:\/\/agromt.news\/index.php?rest_route=\/wp\/v2\/posts"}],"about":[{"href":"https:\/\/agromt.news\/index.php?rest_route=\/wp\/v2\/types\/post"}],"author":[{"embeddable":true,"href":"https:\/\/agromt.news\/index.php?rest_route=\/wp\/v2\/users\/1"}],"replies":[{"embeddable":true,"href":"https:\/\/agromt.news\/index.php?rest_route=%2Fwp%2Fv2%2Fcomments&post=17825"}],"version-history":[{"count":0,"href":"https:\/\/agromt.news\/index.php?rest_route=\/wp\/v2\/posts\/17825\/revisions"}],"wp:featuredmedia":[{"embeddable":true,"href":"https:\/\/agromt.news\/index.php?rest_route=\/wp\/v2\/media\/2444"}],"wp:attachment":[{"href":"https:\/\/agromt.news\/index.php?rest_route=%2Fwp%2Fv2%2Fmedia&parent=17825"}],"wp:term":[{"taxonomy":"category","embeddable":true,"href":"https:\/\/agromt.news\/index.php?rest_route=%2Fwp%2Fv2%2Fcategories&post=17825"},{"taxonomy":"post_tag","embeddable":true,"href":"https:\/\/agromt.news\/index.php?rest_route=%2Fwp%2Fv2%2Ftags&post=17825"}],"curies":[{"name":"wp","href":"https:\/\/api.w.org\/{rel}","templated":true}]}}