{"id":17823,"date":"2025-08-01T04:35:25","date_gmt":"2025-08-01T08:35:25","guid":{"rendered":"https:\/\/agromt.news\/?p=17823"},"modified":"2025-08-01T04:35:25","modified_gmt":"2025-08-01T08:35:25","slug":"agosto-comeca-com-extremos-veja-previsao","status":"publish","type":"post","link":"https:\/\/agromt.news\/?p=17823","title":{"rendered":"agosto come\u00e7a com extremos; veja previs\u00e3o"},"content":{"rendered":"<p> <br \/>\n<br \/><img decoding=\"async\" src=\"https:\/\/agromt.news\/wp-content\/uploads\/2025\/04\/Massa-de-ar-polar-associada-a-uma-frente-fria-faz.jpg\" \/><\/p>\n<div>\n<p>Geada na serra catarinense e temperaturas de 38\u00b0C em Cuiab\u00e1. O inverno brasileiro de extremos tem mais um cap\u00edtulo neste in\u00edcio de agosto. Confira a previs\u00e3o desta sexta-feira (1).<\/p>\n<div data-icp-cta=\"1\" id=\"icp-cta-unique\">Voc\u00ea quer entender como usar o clima a seu favor?<b> <\/b><a href=\"https:\/\/climacampo.canalrural.com.br\/climacampo_-01\">Preparamos um e-book exclusivo<\/a> para ajudar produtores rurais a se antecipar \u00e0s mudan\u00e7as do tempo e planejar melhor suas a\u00e7\u00f5es. Com base em previs\u00f5es meteorol\u00f3gicas confi\u00e1veis, ele oferece orienta\u00e7\u00f5es pr\u00e1ticas para proteger sua lavoura e otimizar seus resultados.<\/div>\n<h2 class=\"wp-block-heading\" id=\"h-sul\">Sul<\/h2>\n<p>As chuvas voltam a atingir o sudoeste do Rio Grande do Sul devido \u00e0 influ\u00eancia de um cavado e ao transporte de umidade vindo do Norte do Brasil. As temperaturas pela manh\u00e3 ser\u00e3o mais baixas em toda a regi\u00e3o, e h\u00e1 possibilidade para geadas na Serra Catarinense, mas ao longo do dia, as temperaturas sobem. Nas demais \u00e1reas do Sul, o tempo segue est\u00e1vel, sem previs\u00e3o de chuva.<\/p>\n<h2 class=\"wp-block-heading\" id=\"h-sudeste\">Sudeste<\/h2>\n<p>A previs\u00e3o de chuva para o nordeste de Minas Gerais diminui. Nesta sexta, o tempo fica firme e seco em grande parte do centro-leste mineiro e paulista. As temperaturas continuam elevadas e o sol deve aparecer entre nuvens no Rio de Janeiro, Esp\u00edrito Santo e na faixa leste mineira. A umidade relativa do ar permanece baixa, principalmente no centro-oeste de S\u00e3o Paulo e em Minas.<\/p>\n<\/div>\n<div>\n<h2 class=\"wp-block-heading\" id=\"h-centro-oeste\">Centro-Oeste<\/h2>\n<p>O tempo permanece seco e sem mudan\u00e7as significativas na Regi\u00e3o Centro-Oeste. As temperaturas seguem elevadas, com destaque para Sinop e Cuiab\u00e1, munic\u00edpios onde as m\u00e1ximas podem alcan\u00e7ar 37\u00b0C e 38\u00b0C, respectivamente, e a umidade relativa do ar continua abaixo dos 30%.<\/p>\n<h2 class=\"wp-block-heading\" id=\"h-nordeste\">Nordeste<\/h2>\n<p>As instabilidades se concentram entre Salvador (BA) at\u00e9 Natal (RN), influenciadas pela aproxima\u00e7\u00e3o de uma frente fria no litoral da Bahia e pela influ\u00eancia da circula\u00e7\u00e3o dos ventos na faixa leste da regi\u00e3o. Tamb\u00e9m h\u00e1 previs\u00e3o de pancadas de chuva na faixa norte do Maranh\u00e3o associadas \u00e0 atua\u00e7\u00e3o da Zona de Converg\u00eancia Intertropical (ZCIT). As temperaturas seguem elevadas e o sol continua aparecendo entre nuvens, com baixa umidade relativa do ar.<\/p>\n<h2 class=\"wp-block-heading\" id=\"h-norte\">Norte<\/h2>\n<p>As instabilidades continuam atuando na Regi\u00e3o Norte devido \u00e0 atua\u00e7\u00e3o da ZCIT, com destaques para os estados do Amazonas, Par\u00e1 e Roraima. As temperaturas permanecem elevadas, com m\u00e1ximas podendo alcan\u00e7ar os 35\u00b0C em algumas capitais como Porto Velho (RO) e Palmas (TO), e a umidade relativa do ar mais baixa, principalmente no Tocantins.<\/p>\n<\/p><\/div>\n<p><br \/>\n<br \/><a href=\"https:\/\/www.canalrural.com.br\/tempo\/geada-e-calor-de-38c-agosto-comeca-com-extremos-veja-previsao\/\">Source link <\/a><\/p>\n","protected":false},"excerpt":{"rendered":"<p>Geada na serra catarinense e temperaturas de 38\u00b0C em Cuiab\u00e1. O inverno brasileiro de extremos tem mais um cap\u00edtulo neste<\/p>\n","protected":false},"author":1,"featured_media":13036,"comment_status":"open","ping_status":"open","sticky":false,"template":"","format":"standard","meta":{"_monsterinsights_skip_tracking":false,"_monsterinsights_sitenote_active":false,"_monsterinsights_sitenote_note":"","_monsterinsights_sitenote_category":0,"_uf_show_specific_survey":0,"_uf_disable_surveys":false,"footnotes":""},"categories":[1],"tags":[],"class_list":["post-17823","post","type-post","status-publish","format-standard","has-post-thumbnail","hentry","category-news"],"_links":{"self":[{"href":"https:\/\/agromt.news\/index.php?rest_route=\/wp\/v2\/posts\/17823"}],"collection":[{"href":"https:\/\/agromt.news\/index.php?rest_route=\/wp\/v2\/posts"}],"about":[{"href":"https:\/\/agromt.news\/index.php?rest_route=\/wp\/v2\/types\/post"}],"author":[{"embeddable":true,"href":"https:\/\/agromt.news\/index.php?rest_route=\/wp\/v2\/users\/1"}],"replies":[{"embeddable":true,"href":"https:\/\/agromt.news\/index.php?rest_route=%2Fwp%2Fv2%2Fcomments&post=17823"}],"version-history":[{"count":0,"href":"https:\/\/agromt.news\/index.php?rest_route=\/wp\/v2\/posts\/17823\/revisions"}],"wp:featuredmedia":[{"embeddable":true,"href":"https:\/\/agromt.news\/index.php?rest_route=\/wp\/v2\/media\/13036"}],"wp:attachment":[{"href":"https:\/\/agromt.news\/index.php?rest_route=%2Fwp%2Fv2%2Fmedia&parent=17823"}],"wp:term":[{"taxonomy":"category","embeddable":true,"href":"https:\/\/agromt.news\/index.php?rest_route=%2Fwp%2Fv2%2Fcategories&post=17823"},{"taxonomy":"post_tag","embeddable":true,"href":"https:\/\/agromt.news\/index.php?rest_route=%2Fwp%2Fv2%2Ftags&post=17823"}],"curies":[{"name":"wp","href":"https:\/\/api.w.org\/{rel}","templated":true}]}}