{"id":17822,"date":"2025-08-01T03:49:38","date_gmt":"2025-08-01T07:49:38","guid":{"rendered":"https:\/\/agromt.news\/?p=17822"},"modified":"2025-08-01T03:49:38","modified_gmt":"2025-08-01T07:49:38","slug":"produtores-iniciam-manejo-contra-podridao-parda","status":"publish","type":"post","link":"https:\/\/agromt.news\/?p=17822","title":{"rendered":"produtores iniciam manejo contra podrid\u00e3o-parda"},"content":{"rendered":"<p> <br \/>\n<\/p>\n<div>\n<div class=\"row\">\n<div class=\"col-lg col-infos mt-0 mt-lg-0\">\n<div class=\"section-sub-title\">\n<p itemprop=\"description\">&#13;<br \/>\n                                Frio retarda poda e florescimento do p\u00eassego&#13;\n                            <\/p>\n<\/p><\/div>\n<div class=\"container\">\n<div class=\"row\">\n<div class=\"col-lg p-0\">\n<div>\n<div class=\"block-news-main-infos mt-3 text-start\">\n<p>                                            <strong class=\"fn\" itemprop=\"author\" style=\"color: rgb(112, 112, 112); \">&#13;<br \/>\n                                                <a href=\"https:\/\/www.agrolink.com.br\/noticias\/javascript:;\" class=\"text-uppercase\" target=\"_blank\" style=\"color: rgb(112, 112, 112); \" rel=\"noopener\">Agrolink<\/a>&#13;<br \/>\n&#13;<br \/>\n                                                    &#8211; Seane Lennon&#13;<br \/>\n&#13;<br \/>\n                                            <\/strong><br \/>\n                                        <\/p>\n<p>                                            <abbr><time datetime=\"2025-07-31T18:37\" itemprop=\"datePublished dateModified\">Publicado em 31\/07\/2025 \u00e0s 18:37h.<\/time><\/abbr><br \/>\n                                            <\/p><\/div>\n<\/p><\/div>\n<\/p><\/div>\n<div class=\"col-lg p-0 text-lg-end\">\n<div>\n<div id=\"mdEnviarPagina\" class=\"modal fade\" role=\"dialog\">\n<div class=\"modal-dialog\">\n<div class=\"modal-content\">\n<div class=\"modal-body\">\n<p><strong>Estimado usu\u00e1rio.<\/strong><br \/>Preencha o formul\u00e1rio abaixo para remeter a p\u00e1gina.<\/p>\n<\/p><\/div>\n<\/p><\/div>\n<\/p><\/div>\n<\/div><\/div>\n<\/p><\/div>\n<\/p><\/div>\n<\/p><\/div>\n<\/p><\/div>\n<\/p><\/div>\n<div class=\"row justify-content-md-center mt-3\">\n<div class=\"col-lg-auto col-image block-news-main-image\">\n<p>                                <img decoding=\"async\" src=\"https:\/\/www.agrolink.com.br\/upload\/imagens-resizes\/fed08abccbab48c89135ad6caab3199b_858x483.jpg\" class=\"lazyload img-fluid\"\/><br \/>\n                                                <span class=\"publicity-photo d-block mt-1\">Foto: Pixabay<\/span><\/p><\/div>\n<\/p><\/div>\n<div class=\"section-description section-description-noticias mt-3\">\n<p style=\"text-align:justify\">A poda dos pessegueiros na regi\u00e3o administrativa da Emater\/RS-Ascar de Caxias do Sul est\u00e1 em ritmo mais lento neste ano. De acordo com o Informativo Conjuntural divulgado na quinta-feira (31), as baixas temperaturas mant\u00eam as gemas das plantas em dorm\u00eancia. \u201cNas variedades precoces, a poda est\u00e1 sendo finalizada, e o florescimento j\u00e1 come\u00e7ou em algumas \u00e1reas, mas de forma lenta devido ao frio\u201d, informou a Emater\/RS-Ascar. Em Ant\u00f4nio Prado, a flora\u00e7\u00e3o nas cultivares mais adiantadas atinge cerca de 40% da \u00e1rea, embora ainda n\u00e3o haja forma\u00e7\u00e3o de frutos.&#13;\n<\/p>\n<p style=\"text-align:justify\">Na regi\u00e3o de Pelotas, algumas cultivares, como Maciel e BRS Citrino, iniciaram o florescimento. Os produtores seguem com a poda e os tratamentos fitossanit\u00e1rios de inverno. \u201cTamb\u00e9m come\u00e7am os manejos voltados \u00e0 prote\u00e7\u00e3o das flores contra a podrid\u00e3o-parda, doen\u00e7a f\u00fangica que pode afetar a produ\u00e7\u00e3o\u201d, destacou o boletim.&#13;\n<\/p>\n<p style=\"text-align:justify\">A brota\u00e7\u00e3o tem se mostrado uniforme, o que, segundo a Emater\/RS-Ascar, tende a facilitar o manejo e contribuir para a produtividade das lavouras ao longo do ciclo da cultura.<\/p>\n<\/p><\/div>\n<\/p><\/div>\n<p><script data-cfasync=\"false\">\n    !function (f, b, e, v, n, t, s) {\n        if (f.fbq) return; n = f.fbq = function () {\n            n.callMethod ?\n                n.callMethod.apply(n, arguments) : n.queue.push(arguments)\n        };\n        if (!f._fbq) f._fbq = n; n.push = n; n.loaded = !0; n.version = '2.0';\n        n.queue = []; t = b.createElement(e); t.async = !0;\n        t.src = v; s = b.getElementsByTagName(e)[0];\n        s.parentNode.insertBefore(t, s)\n    }(window, document, 'script',\n        'https:\/\/connect.facebook.net\/en_US\/fbevents.js');\n    fbq('init', '522546078623747');\n    fbq('track', 'PageView');\n<\/script><br \/>\n<br \/><br \/>\n<br \/><a href=\"https:\/\/www.agrolink.com.br\/noticias\/pessego--produtores-iniciam-manejo-contra-podridao-parda_504525.html\">Source link <\/a><\/p>\n","protected":false},"excerpt":{"rendered":"<p>&#13; Frio retarda poda e florescimento do p\u00eassego&#13; &#13; Agrolink&#13; &#13; &#8211; Seane Lennon&#13; &#13; Publicado em 31\/07\/2025 \u00e0s 18:37h.<\/p>\n","protected":false},"author":1,"featured_media":5864,"comment_status":"open","ping_status":"open","sticky":false,"template":"","format":"standard","meta":{"_monsterinsights_skip_tracking":false,"_monsterinsights_sitenote_active":false,"_monsterinsights_sitenote_note":"","_monsterinsights_sitenote_category":0,"_uf_show_specific_survey":0,"_uf_disable_surveys":false,"footnotes":""},"categories":[8,1,14],"tags":[],"class_list":["post-17822","post","type-post","status-publish","format-standard","has-post-thumbnail","hentry","category-agro","category-news","category-politica-agro"],"_links":{"self":[{"href":"https:\/\/agromt.news\/index.php?rest_route=\/wp\/v2\/posts\/17822"}],"collection":[{"href":"https:\/\/agromt.news\/index.php?rest_route=\/wp\/v2\/posts"}],"about":[{"href":"https:\/\/agromt.news\/index.php?rest_route=\/wp\/v2\/types\/post"}],"author":[{"embeddable":true,"href":"https:\/\/agromt.news\/index.php?rest_route=\/wp\/v2\/users\/1"}],"replies":[{"embeddable":true,"href":"https:\/\/agromt.news\/index.php?rest_route=%2Fwp%2Fv2%2Fcomments&post=17822"}],"version-history":[{"count":0,"href":"https:\/\/agromt.news\/index.php?rest_route=\/wp\/v2\/posts\/17822\/revisions"}],"wp:featuredmedia":[{"embeddable":true,"href":"https:\/\/agromt.news\/index.php?rest_route=\/wp\/v2\/media\/5864"}],"wp:attachment":[{"href":"https:\/\/agromt.news\/index.php?rest_route=%2Fwp%2Fv2%2Fmedia&parent=17822"}],"wp:term":[{"taxonomy":"category","embeddable":true,"href":"https:\/\/agromt.news\/index.php?rest_route=%2Fwp%2Fv2%2Fcategories&post=17822"},{"taxonomy":"post_tag","embeddable":true,"href":"https:\/\/agromt.news\/index.php?rest_route=%2Fwp%2Fv2%2Ftags&post=17822"}],"curies":[{"name":"wp","href":"https:\/\/api.w.org\/{rel}","templated":true}]}}