{"id":17820,"date":"2025-07-31T21:53:54","date_gmt":"2025-08-01T01:53:54","guid":{"rendered":"https:\/\/agromt.news\/?p=17820"},"modified":"2025-07-31T21:53:54","modified_gmt":"2025-08-01T01:53:54","slug":"precipitacao-regular-beneficia-cultura-da-canola","status":"publish","type":"post","link":"https:\/\/agromt.news\/?p=17820","title":{"rendered":"Precipita\u00e7\u00e3o regular beneficia cultura da canola"},"content":{"rendered":"<p> <br \/>\n<\/p>\n<div>\n<p style=\"text-align:justify\">De acordo com o Informativo Conjuntural divulgado pela Emater\/RS-Ascar na \u00faltima quinta-feira (24), o cultivo de canola no Rio Grande do Sul avan\u00e7a com boas condi\u00e7\u00f5es de desenvolvimento, ap\u00f3s a conclus\u00e3o da semeadura. As precipita\u00e7\u00f5es moderadas e bem distribu\u00eddas favoreceram o crescimento das lavouras, permitindo a emiss\u00e3o de novas folhas e a expans\u00e3o foliar, principalmente nas \u00e1reas semeadas no final da janela de plantio. Tamb\u00e9m foi registrada emiss\u00e3o da haste principal, indicando vigor vegetativo.&#13;\n<\/p>\n<p style=\"text-align:justify\">Ainda est\u00e3o em avalia\u00e7\u00e3o os impactos das geadas ocorridas no fim de junho e in\u00edcio de julho, que, segundo o boletim, \u201cpontualmente podem superar as estimativas iniciais\u201d. Apesar disso, n\u00e3o h\u00e1 registro de infesta\u00e7\u00f5es significativas por pragas, e o monitoramento segue com aten\u00e7\u00e3o \u00e0 tra\u00e7a-das-cruc\u00edferas (Plutella xylostella). A entidade afirma que, na safra anterior, a combina\u00e7\u00e3o de inseticidas qu\u00edmicos e biol\u00f3gicos foi eficiente no controle desse inseto. A estimativa da Emater\/RS-Ascar \u00e9 de cultivo em 203.206 hectares e produtividade m\u00e9dia de 1.737 kg\/ha.<\/p>\n<p style=\"text-align:justify\">Na regi\u00e3o administrativa de Iju\u00ed, 16% das lavouras est\u00e3o em fase de flora\u00e7\u00e3o, com avan\u00e7o na emiss\u00e3o de flores nos ramos laterais. Cerca de 5% j\u00e1 ingressaram na forma\u00e7\u00e3o de s\u00edliquas. As folhas que foram afetadas pelas geadas demonstraram recupera\u00e7\u00e3o, sem sinais visuais de danos, o que indica preserva\u00e7\u00e3o da fun\u00e7\u00e3o metab\u00f3lica das plantas.&#13;\n<\/p>\n<p style=\"text-align:justify\">Em Santa Maria, aproximadamente 15% das lavouras encontram-se em flora\u00e7\u00e3o. O boletim destaca que as chuvas recentes beneficiaram essa fase, considerada cr\u00edtica para o potencial produtivo. Em Tupanciret\u00e3, \u00e1reas com baixa germina\u00e7\u00e3o foram substitu\u00eddas por trigo, ap\u00f3s decis\u00e3o dos produtores de n\u00e3o realizar novo plantio.<\/p>\n<p style=\"text-align:justify\">Na regional de Santa Rosa, 61% das lavouras est\u00e3o em desenvolvimento vegetativo, 33% em flora\u00e7\u00e3o e 6% em enchimento de gr\u00e3os. As lavouras em crescimento v\u00eam apresentando expans\u00e3o lateral das folhas, sinalizando aproxima\u00e7\u00e3o da flora\u00e7\u00e3o. Em cultivos mais tardios, ainda foram aplicados fertilizantes nitrogenados, embora a maioria das \u00e1reas j\u00e1 tenha ultrapassado o per\u00edodo ideal para esse manejo. Em Giru\u00e1, principal munic\u00edpio produtor da oleaginosa, com 8 mil hectares, geadas severas provocaram perdas nas lavouras em forma\u00e7\u00e3o de gr\u00e3os. Nos cultivos mais avan\u00e7ados, os danos chegaram a 40%, mas os impactos foram limitados, j\u00e1 que o atraso fenol\u00f3gico reduziu a exposi\u00e7\u00e3o das lavouras aos eventos clim\u00e1ticos.&#13;\n<\/p>\n<p style=\"text-align:justify\">Na regional de S\u00e3o Luiz Gonzaga, houve redu\u00e7\u00e3o da \u00e1rea cultivada de 9.000 para 7.200 hectares. O recuo foi atribu\u00eddo ao atraso na semeadura, emerg\u00eancia irregular das lavouras e substitui\u00e7\u00e3o por outras culturas ap\u00f3s a desseca\u00e7\u00e3o.<\/p>\n<p style=\"text-align:justify\">Na regi\u00e3o de Soledade, 20% das \u00e1reas encontram-se em flora\u00e7\u00e3o e 80% na fase vegetativa. As lavouras apresentam estande e sanidade adequados, conforme avalia\u00e7\u00e3o da Emater\/RS-Ascar.<\/p>\n<\/p><\/div>\n<p><script data-cfasync=\"false\">\n    !function (f, b, e, v, n, t, s) {\n        if (f.fbq) return; n = f.fbq = function () {\n            n.callMethod ?\n                n.callMethod.apply(n, arguments) : n.queue.push(arguments)\n        };\n        if (!f._fbq) f._fbq = n; n.push = n; n.loaded = !0; n.version = '2.0';\n        n.queue = []; t = b.createElement(e); t.async = !0;\n        t.src = v; s = b.getElementsByTagName(e)[0];\n        s.parentNode.insertBefore(t, s)\n    }(window, document, 'script',\n        'https:\/\/connect.facebook.net\/en_US\/fbevents.js');\n    fbq('init', '522546078623747');\n    fbq('track', 'PageView');\n<\/script><br \/>\n<br \/><br \/>\n<br \/><a href=\"https:\/\/www.agrolink.com.br\/noticias\/precipitacao-regular-beneficia-cultura-da-canola_504473.html\">Source link <\/a><\/p>\n","protected":false},"excerpt":{"rendered":"<p>De acordo com o Informativo Conjuntural divulgado pela Emater\/RS-Ascar na \u00faltima quinta-feira (24), o cultivo de canola no Rio Grande<\/p>\n","protected":false},"author":1,"featured_media":15032,"comment_status":"open","ping_status":"open","sticky":false,"template":"","format":"standard","meta":{"_monsterinsights_skip_tracking":false,"_monsterinsights_sitenote_active":false,"_monsterinsights_sitenote_note":"","_monsterinsights_sitenote_category":0,"_uf_show_specific_survey":0,"_uf_disable_surveys":false,"footnotes":""},"categories":[8,1,14],"tags":[],"class_list":["post-17820","post","type-post","status-publish","format-standard","has-post-thumbnail","hentry","category-agro","category-news","category-politica-agro"],"_links":{"self":[{"href":"https:\/\/agromt.news\/index.php?rest_route=\/wp\/v2\/posts\/17820"}],"collection":[{"href":"https:\/\/agromt.news\/index.php?rest_route=\/wp\/v2\/posts"}],"about":[{"href":"https:\/\/agromt.news\/index.php?rest_route=\/wp\/v2\/types\/post"}],"author":[{"embeddable":true,"href":"https:\/\/agromt.news\/index.php?rest_route=\/wp\/v2\/users\/1"}],"replies":[{"embeddable":true,"href":"https:\/\/agromt.news\/index.php?rest_route=%2Fwp%2Fv2%2Fcomments&post=17820"}],"version-history":[{"count":0,"href":"https:\/\/agromt.news\/index.php?rest_route=\/wp\/v2\/posts\/17820\/revisions"}],"wp:featuredmedia":[{"embeddable":true,"href":"https:\/\/agromt.news\/index.php?rest_route=\/wp\/v2\/media\/15032"}],"wp:attachment":[{"href":"https:\/\/agromt.news\/index.php?rest_route=%2Fwp%2Fv2%2Fmedia&parent=17820"}],"wp:term":[{"taxonomy":"category","embeddable":true,"href":"https:\/\/agromt.news\/index.php?rest_route=%2Fwp%2Fv2%2Fcategories&post=17820"},{"taxonomy":"post_tag","embeddable":true,"href":"https:\/\/agromt.news\/index.php?rest_route=%2Fwp%2Fv2%2Ftags&post=17820"}],"curies":[{"name":"wp","href":"https:\/\/api.w.org\/{rel}","templated":true}]}}