{"id":17818,"date":"2025-07-31T19:45:52","date_gmt":"2025-07-31T23:45:52","guid":{"rendered":"https:\/\/agromt.news\/?p=17818"},"modified":"2025-07-31T19:45:52","modified_gmt":"2025-07-31T23:45:52","slug":"setor-cafeeiro-pode-ser-forcado-a-redirecionar-producao-diz-cepea","status":"publish","type":"post","link":"https:\/\/agromt.news\/?p=17818","title":{"rendered":"Setor cafeeiro pode ser for\u00e7ado a redirecionar produ\u00e7\u00e3o, diz Cepea"},"content":{"rendered":"<p> <br \/>\n<br \/><img decoding=\"async\" src=\"https:\/\/agromt.news\/wp-content\/uploads\/2024\/10\/Precos-do-cafe-no-atacado-devem-aumentar-25-ainda-em.jpg\" \/><\/p>\n<div>\n<p>A partir de 6 de agosto, a exporta\u00e7\u00e3o do caf\u00e9 brasileiro para os Estados Unidos passar\u00e1 a ser taxada em 50%. <\/p>\n<p><strong><a href=\"https:\/\/www.canalrural.com.br\/agricultura\/cafe-brasileiro-luta-para-se-encaixar-na-lista-de-excecoes-a-tarifa-dos-eua\/\">Enquanto permanece batalhando para ficar de fora da lista de produtos brasileiros que v\u00e3o ser taxados pelo governo norte-americano<\/a><\/strong>, o setor cafeeiro nacional segue marcado por incertezas, informou o Centro de Estudos Avan\u00e7ados em Economia Aplicada (Cepea) da Escola Superior de Agricultura Luiz de Queiroz (Esalq) da Universidade de S\u00e3o Paulo (USP).<\/p>\n<p>Segundo pesquisadores do Cepea, por causa dessa alta taxa, os produtores brasileiros poder\u00e3o ser for\u00e7ados a redirecionar parte de sua produ\u00e7\u00e3o para outros mercados, o que dever\u00e1 exigir \u201cagilidade log\u00edstica e estrat\u00e9gia comercial para mitigar os preju\u00edzos \u00e0 cadeia produtiva nacional\u201d.<\/p>\n<h2 class=\"wp-block-heading\" id=\"h-principal-destino-do-cafe\">Principal destino do caf\u00e9<\/h2>\n<p>Os Estados Unidos s\u00e3o o principal destino das exporta\u00e7\u00f5es de caf\u00e9 do Brasil. Em 2024, eles importaram cerca de 23% do gr\u00e3o nacional, especialmente da variedade ar\u00e1bica, insumo essencial para a ind\u00fastria local de torrefa\u00e7\u00e3o.<\/p>\n<p>A Col\u00f4mbia representou cerca de 17% do total das importa\u00e7\u00f5es norte-americanas, enquanto o Vietn\u00e3 contribuiu com aproximadamente 4%.<\/p>\n<\/div>\n<div>\n<p>Para o Cepea, como os Estados Unidos n\u00e3o produzem caf\u00e9, a eleva\u00e7\u00e3o do custo de importa\u00e7\u00e3o deve comprometer a viabilidade de toda a cadeia interna, que envolve torrefadoras, cafeterias, ind\u00fastrias de bebidas e redes de varejo.<\/p>\n<p>\u201cO Cepea avalia que a eventual entrada em vigor da tarifa tende a impactar n\u00e3o apenas a competitividade do caf\u00e9 nacional, mas tamb\u00e9m os pre\u00e7os ao consumidor norte-americano e a formula\u00e7\u00e3o dos blends tradicionais, que utilizam os gr\u00e3os brasileiros como base sensorial e de equil\u00edbrio\u201d, diz o comunicado.<\/p>\n<h2 class=\"wp-block-heading\" id=\"h-excecoes-as-tarifas\">Exce\u00e7\u00f5es \u00e0s tarifas<\/h2>\n<p>O presidente dos Estados Unidos, Donald Trump, oficializou, na \u00faltima quarta (30), a proposta de taxa\u00e7\u00e3o de produtos brasileiros comercializados com os EUA. <\/p>\n<p>Contudo, a Ordem Executiva trouxe cerca de 700 exce\u00e7\u00f5es, como suco e polpa de laranja, combust\u00edveis, min\u00e9rios, fertilizantes e aeronaves civis.<\/p>\n<p>O caf\u00e9 n\u00e3o entrou nessa lista de exce\u00e7\u00f5es. Com isso, logo ap\u00f3s o an\u00fancio de Trump, o Conselho dos Exportadores de Caf\u00e9 (Cecaf\u00e9) disse que vai seguir em tratativas para que o caf\u00e9 seja inclu\u00eddo na lista de produtos brasileiros que v\u00e3o ficar de fora da taxa\u00e7\u00e3o.<\/p>\n<\/p><\/div>\n<p><br \/>\n<br \/><a href=\"https:\/\/www.canalrural.com.br\/agricultura\/setor-cafeeiro-pode-ser-forcado-a-redirecionar-producao-diz-cepea\/\">Source link <\/a><\/p>\n","protected":false},"excerpt":{"rendered":"<p>A partir de 6 de agosto, a exporta\u00e7\u00e3o do caf\u00e9 brasileiro para os Estados Unidos passar\u00e1 a ser taxada em<\/p>\n","protected":false},"author":1,"featured_media":4161,"comment_status":"open","ping_status":"open","sticky":false,"template":"","format":"standard","meta":{"_monsterinsights_skip_tracking":false,"_monsterinsights_sitenote_active":false,"_monsterinsights_sitenote_note":"","_monsterinsights_sitenote_category":0,"_uf_show_specific_survey":0,"_uf_disable_surveys":false,"footnotes":""},"categories":[1],"tags":[],"class_list":["post-17818","post","type-post","status-publish","format-standard","has-post-thumbnail","hentry","category-news"],"_links":{"self":[{"href":"https:\/\/agromt.news\/index.php?rest_route=\/wp\/v2\/posts\/17818"}],"collection":[{"href":"https:\/\/agromt.news\/index.php?rest_route=\/wp\/v2\/posts"}],"about":[{"href":"https:\/\/agromt.news\/index.php?rest_route=\/wp\/v2\/types\/post"}],"author":[{"embeddable":true,"href":"https:\/\/agromt.news\/index.php?rest_route=\/wp\/v2\/users\/1"}],"replies":[{"embeddable":true,"href":"https:\/\/agromt.news\/index.php?rest_route=%2Fwp%2Fv2%2Fcomments&post=17818"}],"version-history":[{"count":0,"href":"https:\/\/agromt.news\/index.php?rest_route=\/wp\/v2\/posts\/17818\/revisions"}],"wp:featuredmedia":[{"embeddable":true,"href":"https:\/\/agromt.news\/index.php?rest_route=\/wp\/v2\/media\/4161"}],"wp:attachment":[{"href":"https:\/\/agromt.news\/index.php?rest_route=%2Fwp%2Fv2%2Fmedia&parent=17818"}],"wp:term":[{"taxonomy":"category","embeddable":true,"href":"https:\/\/agromt.news\/index.php?rest_route=%2Fwp%2Fv2%2Fcategories&post=17818"},{"taxonomy":"post_tag","embeddable":true,"href":"https:\/\/agromt.news\/index.php?rest_route=%2Fwp%2Fv2%2Ftags&post=17818"}],"curies":[{"name":"wp","href":"https:\/\/api.w.org\/{rel}","templated":true}]}}