{"id":17812,"date":"2025-07-31T18:02:40","date_gmt":"2025-07-31T22:02:40","guid":{"rendered":"https:\/\/agromt.news\/?p=17812"},"modified":"2025-07-31T18:02:40","modified_gmt":"2025-07-31T22:02:40","slug":"como-ficaram-os-precos-de-soja-no-ultimo-dia-de-julho","status":"publish","type":"post","link":"https:\/\/agromt.news\/?p=17812","title":{"rendered":"Como ficaram os pre\u00e7os de soja no \u00faltimo dia de julho?"},"content":{"rendered":"<p> <br \/>\n<br \/><img decoding=\"async\" src=\"https:\/\/agromt.news\/wp-content\/uploads\/2025\/07\/Como-ficaram-os-precos-de-soja-no-ultimo-dia-de.jpg\" \/><\/p>\n<div>\n<p>O <a href=\"https:\/\/www.canalrural.com.br\/agricultura\/projeto-soja-brasil\/\">mercado <\/a>brasileiro de soja registrou poucos neg\u00f3cios nesta quinta-feira (31), tanto nos portos quanto no interior do pa\u00eds. Apesar da press\u00e3o de baixa vinda de Chicago, os pre\u00e7os apresentaram certa recupera\u00e7\u00e3o, sustentados pela alta do d\u00f3lar e pela firmeza dos pr\u00eamios, que seguem dando suporte \u00e0 oleaginosa nos terminais de exporta\u00e7\u00e3o.<\/p>\n<ul class=\"wp-block-list\">\n<li><strong><em>Fique por dentro das novidades e not\u00edcias recentes sobre a soja! Participe da nossa comunidade atrav\u00e9s do\u00a0<a href=\"https:\/\/chat.whatsapp.com\/BmMRwA0TZ2DHGyhzoaVEWu\">link<\/a>! \ud83c\udf31<\/em><\/strong><\/li>\n<\/ul>\n<p>De acordo com o analista Rafael Silveira, da consultoria <a href=\"https:\/\/safras.com.br\/\">Safras &amp; Mercado<\/a>, mesmo com esse cen\u00e1rio, o volume de negocia\u00e7\u00f5es permaneceu limitado. No interior, as ofertas de compra melhoraram, impulsionadas pela demanda da ind\u00fastria. No entanto, os produtores elevaram suas pedidas, mantendo o spread desfavor\u00e1vel aos compradores neste momento.<\/p>\n<p>Silveira aponta ainda que, para agosto, h\u00e1 poucas indica\u00e7\u00f5es de neg\u00f3cios. As melhores ofertas e pre\u00e7os aparecem a partir de setembro, especialmente nos portos. A janela de exporta\u00e7\u00e3o para agosto j\u00e1 est\u00e1 mais curta devido \u00e0 antecipa\u00e7\u00e3o das compras.<\/p>\n<h3 class=\"wp-block-heading\" id=\"h-precos-no-brasil\">Pre\u00e7os no Brasil<\/h3>\n<ul class=\"wp-block-list\">\n<li><strong>Passo Fundo (RS)<\/strong> subiu de 131,00 para 132,00<\/li>\n<li><strong>Santa Rosa (RS)<\/strong> subiu de 132,00 para 133,00<\/li>\n<li><strong>Rio Grande (RS)<\/strong> subiu de 137,00 para 139,00<\/li>\n<li><strong>Cascavel (PR)<\/strong> caiu de 131,00 para 130,00<\/li>\n<li><strong>Paranagu\u00e1 (PR)<\/strong> subiu de 136,00 para 138,00<\/li>\n<li><strong>Rondon\u00f3polis (MT)<\/strong> subiu de 120,00 para 122,00<\/li>\n<li><strong>Dourados (MS)<\/strong> subiu de 120,00 para 122,00<\/li>\n<li><strong>Rio Verde (GO)<\/strong> subiu de 120,00 para 124,00<\/li>\n<\/ul>\n<h3 class=\"wp-block-heading\" id=\"h-soja-em-chicago\">Soja em Chicago <\/h3>\n<p>Os contratos futuros da soja negociados na Bolsa de Mercadorias de Chicago (CBOT) fecharam a quinta-feira com pre\u00e7os mais baixos, ampliando as perdas acumuladas no m\u00eas de julho para cerca de 4%. O cen\u00e1rio fundamental seguiu exercendo press\u00e3o, colocando a posi\u00e7\u00e3o novembro nos menores n\u00edveis desde abril, com seis sess\u00f5es consecutivas de perdas.<\/p>\n<p>Do lado da oferta, a expectativa \u00e9 favor\u00e1vel em rela\u00e7\u00e3o \u00e0 safra norte-americana. O clima permanece favor\u00e1vel \u00e0 evolu\u00e7\u00e3o das lavouras e as proje\u00e7\u00f5es s\u00e3o de continuidade das condi\u00e7\u00f5es ben\u00e9ficas.<\/p>\n<\/div>\n<div>\n<p>O mercado tamb\u00e9m \u00e9 pressionado no lado da demanda. O interesse de compra por parte da China, principal comprador da oleaginosa, \u00e9 restrito e deve persistir durante o per\u00edodo de pico da colheita nos Estados Unidos.<\/p>\n<p>O poss\u00edvel acordo entre a Uni\u00e3o Europeia e a Indon\u00e9sia sobre a importa\u00e7\u00e3o de \u00f3leo de palma derrubou as cota\u00e7\u00f5es do \u00f3leo de soja, pois pode reduzir a necessidade pelo produto.<\/p>\n<p>\u201cPelo acordo ventilado pelo mercado, a taxa de importa\u00e7\u00e3o de \u00f3leo de palma da Indon\u00e9sia seria zerada pela Uni\u00e3o Europeia para uma cota pr\u00e9-definida\u201d, explica o analista e consultor de Safras &amp; Mercado, Gabriel Viana. \u201cE, o que excedesse esse volume, teria uma taxa\u00e7\u00e3o de 3%\u201d, acrescenta. Atualmente, \u00e9 de 19%.<\/p>\n<h2 class=\"wp-block-heading\" id=\"h-contratos-futuros-de-soja\">Contratos futuros de soja <\/h2>\n<p>Os contratos da soja em gr\u00e3o com entrega em setembro fecharam com baixa de 6,25 centavos de d\u00f3lar ou 0,64%, a US$ 9,69 1\/2 por bushel. A posi\u00e7\u00e3o novembro teve cota\u00e7\u00e3o de US$ 9,891\/4 por bushel, perda de 6,50 centavos ou 0,65%.<\/p>\n<p>Nos subprodutos, a posi\u00e7\u00e3o setembro do farelo fechou com alta de US$ 1,10, ou 0,41%, a US$ 265,90 por tonelada. No \u00f3leo, os contratos com vencimento em setembro fecharam a 55,27 centavos de d\u00f3lar, com perda de 1,26 centavo ou 2,22%.<\/p>\n<h3 class=\"wp-block-heading\" id=\"h-cambio\">C\u00e2mbio<\/h3>\n<p>O d\u00f3lar comercial encerrou a sess\u00e3o em alta de 0,21%, sendo negociado a R$ 5,6001 para venda e a R$ 5,5981 para compra. Durante o dia, a moeda norte-americana oscilou entre a m\u00ednima de R$ 5,5668 e a m\u00e1xima de R$ 5,6243. No m\u00eas, a valoriza\u00e7\u00e3o foi de 3,07%.<\/p>\n<\/p><\/div>\n<p><br \/>\n<br \/><a href=\"https:\/\/www.canalrural.com.br\/agricultura\/projeto-soja-brasil\/como-ficaram-os-precos-de-soja-no-ultimo-dia-de-julho\/\">Source link <\/a><\/p>\n","protected":false},"excerpt":{"rendered":"<p>O mercado brasileiro de soja registrou poucos neg\u00f3cios nesta quinta-feira (31), tanto nos portos quanto no interior do pa\u00eds. Apesar<\/p>\n","protected":false},"author":1,"featured_media":17813,"comment_status":"open","ping_status":"open","sticky":false,"template":"","format":"standard","meta":{"_monsterinsights_skip_tracking":false,"_monsterinsights_sitenote_active":false,"_monsterinsights_sitenote_note":"","_monsterinsights_sitenote_category":0,"_uf_show_specific_survey":0,"_uf_disable_surveys":false,"footnotes":""},"categories":[1],"tags":[],"class_list":["post-17812","post","type-post","status-publish","format-standard","has-post-thumbnail","hentry","category-news"],"_links":{"self":[{"href":"https:\/\/agromt.news\/index.php?rest_route=\/wp\/v2\/posts\/17812"}],"collection":[{"href":"https:\/\/agromt.news\/index.php?rest_route=\/wp\/v2\/posts"}],"about":[{"href":"https:\/\/agromt.news\/index.php?rest_route=\/wp\/v2\/types\/post"}],"author":[{"embeddable":true,"href":"https:\/\/agromt.news\/index.php?rest_route=\/wp\/v2\/users\/1"}],"replies":[{"embeddable":true,"href":"https:\/\/agromt.news\/index.php?rest_route=%2Fwp%2Fv2%2Fcomments&post=17812"}],"version-history":[{"count":0,"href":"https:\/\/agromt.news\/index.php?rest_route=\/wp\/v2\/posts\/17812\/revisions"}],"wp:featuredmedia":[{"embeddable":true,"href":"https:\/\/agromt.news\/index.php?rest_route=\/wp\/v2\/media\/17813"}],"wp:attachment":[{"href":"https:\/\/agromt.news\/index.php?rest_route=%2Fwp%2Fv2%2Fmedia&parent=17812"}],"wp:term":[{"taxonomy":"category","embeddable":true,"href":"https:\/\/agromt.news\/index.php?rest_route=%2Fwp%2Fv2%2Fcategories&post=17812"},{"taxonomy":"post_tag","embeddable":true,"href":"https:\/\/agromt.news\/index.php?rest_route=%2Fwp%2Fv2%2Ftags&post=17812"}],"curies":[{"name":"wp","href":"https:\/\/api.w.org\/{rel}","templated":true}]}}