{"id":17805,"date":"2025-07-31T17:13:19","date_gmt":"2025-07-31T21:13:19","guid":{"rendered":"https:\/\/agromt.news\/?p=17805"},"modified":"2025-07-31T17:13:19","modified_gmt":"2025-07-31T21:13:19","slug":"em-dia-de-troca-e-aprendizado-canal-rural-recebe-representantes-da-aprosoja-mt","status":"publish","type":"post","link":"https:\/\/agromt.news\/?p=17805","title":{"rendered":"Em dia de troca e aprendizado, Canal Rural recebe representantes da Aprosoja MT"},"content":{"rendered":"<p> <br \/>\n<br \/><img decoding=\"async\" src=\"https:\/\/agromt.news\/wp-content\/uploads\/2025\/07\/Em-dia-de-troca-e-aprendizado-Canal-Rural-recebe-representantes.jpeg\" \/><\/p>\n<div>\n<p>Muitos produtores acompanham diariamente os conte\u00fados sobre o setor, mas nem todos conhecem, de fato, como funciona a produ\u00e7\u00e3o de informa\u00e7\u00e3o nos bastidores. O que aparece na tela, muitas vezes resumido em um texto lido no TP, \u00e9 resultado do trabalho de v\u00e1rias pessoas. Com o objetivo de aproximar o campo da comunica\u00e7\u00e3o, o <a href=\"https:\/\/www.canalrural.com.br\/\">Canal Rural <\/a>recebeu, nesta quinta-feira (31), cerca de 50 representantes da Aprosoja Mato Grosso <\/p>\n<ul class=\"wp-block-list\">\n<li><strong><em>Fique por dentro das novidades e not\u00edcias recentes sobre a soja! Participe da nossa comunidade atrav\u00e9s do\u00a0<a href=\"https:\/\/chat.whatsapp.com\/BmMRwA0TZ2DHGyhzoaVEWu\">link<\/a>! \ud83c\udf31<\/em><\/strong><\/li>\n<\/ul>\n<p>A visita \u00e0 emissora integra as atividades da <a href=\"https:\/\/aprosoja.com.br\/\">Academia de Lideran\u00e7a<\/a> da associa\u00e7\u00e3o e refor\u00e7a a parceria entre as institui\u00e7\u00f5es. Logo no in\u00edcio, os participantes tiveram a oportunidade de conhecer a hist\u00f3ria e os n\u00fameros do Canal Rural, primeiro ve\u00edculo de comunica\u00e7\u00e3o do agro a ingressar em uma rede social. Eles tamb\u00e9m acompanharam a rotina da reda\u00e7\u00e3o e entenderam todo o processo, da apura\u00e7\u00e3o \u00e0 exibi\u00e7\u00e3o.<\/p>\n<ul class=\"wp-block-list\">\n<li><strong><em>Fique por dentro das novidades e not\u00edcias recentes sobre a soja! Participe da nossa comunidade atrav\u00e9s do\u00a0<a href=\"https:\/\/chat.whatsapp.com\/BmMRwA0TZ2DHGyhzoaVEWu\">link<\/a>! \ud83c\udf31<\/em><\/strong><\/li>\n<\/ul>\n<p>\u201d\u00c9 uma honra enorme receb\u00ea-los aqui. Ver o produtor dentro do Canal Rural, conhecendo nossos bastidores de perto, \u00e9 muito importante. Esse contato direto, que j\u00e1 \u00e9 tradi\u00e7\u00e3o, nos ajuda a entender melhor as demandas do campo e a produzir um conte\u00fado que realmente contribua para a tomada de decis\u00f5es no dia a dia do produtor\u201d, afirmou Julio Cargnino, presidente do Canal Rural.<\/p>\n<\/div>\n<div>\n<p>Durante a visita da Aprosoja MT, os participantes puderam conhecer os bastidores da reda\u00e7\u00e3o, os processos de produ\u00e7\u00e3o e a curadoria das not\u00edcias que v\u00e3o ao ar diariamente. \u201cA gente acompanha o Canal Rural todos os dias, mas estar aqui, ver como tudo funciona e quantas pessoas est\u00e3o envolvidas muda a nossa percep\u00e7\u00e3o. \u00c9 muita gente trabalhando para levar informa\u00e7\u00e3o com responsabilidade ao campo\u201d, destacou Ligia Pedrini, produtora de soja de Diamantino (MT).<\/p>\n<h2 class=\"wp-block-heading\" id=\"h-diretor-da-aprosoja-mt-comenta-parceria\">Diretor da Aprosoja MT comenta parceria <\/h2>\n<p>Diego Bertuol, diretor administrativo da Aprosoja MT, destacou a import\u00e2ncia da parceria com o Canal Rural. \u201cA Aprosoja Mato Grosso, por meio da Academia de Lideran\u00e7a, tem a iniciativa de aproximar os produtores do que acontece por tr\u00e1s das c\u00e2meras. \u00c9 uma forma de mostrar a credibilidade do nosso trabalho e dar visibilidade ao que os agricultores est\u00e3o vivendo no campo\u201d, disse.<\/p>\n<p>A visita tamb\u00e9m foi oportunidade para refletir sobre os desafios que marcam o in\u00edcio da temporada 25\/26. Segundo Bertuol, o setor enfrenta altos n\u00edveis de endividamento, escassez de cr\u00e9dito e inseguran\u00e7a quanto \u00e0 oferta de insumos, agravada por fatores internacionais e pela recente taxa\u00e7\u00e3o de 50% imposta pelos EUA. <\/p>\n<p>Embora o Plano Safra tenha sido anunciado como o maior da hist\u00f3ria, Bertuol pontua que ele n\u00e3o tem alcan\u00e7ado todos os produtores. \u201cO cr\u00e9dito chega caro e, muitas vezes, inacess\u00edvel. O pr\u00f3ximo ciclo ser\u00e1 de grandes desafios, e precisamos estar preparados para enfrent\u00e1-los com informa\u00e7\u00e3o e planejamento.\u201d<\/p>\n<\/p><\/div>\n<p><br \/>\n<br \/><a href=\"https:\/\/www.canalrural.com.br\/agricultura\/projeto-soja-brasil\/em-dia-de-troca-e-aprendizado-canal-rural-recebe-representantes-da-aprosoja-mato-grosso\/\">Source link <\/a><\/p>\n","protected":false},"excerpt":{"rendered":"<p>Muitos produtores acompanham diariamente os conte\u00fados sobre o setor, mas nem todos conhecem, de fato, como funciona a produ\u00e7\u00e3o de<\/p>\n","protected":false},"author":1,"featured_media":17806,"comment_status":"open","ping_status":"open","sticky":false,"template":"","format":"standard","meta":{"_monsterinsights_skip_tracking":false,"_monsterinsights_sitenote_active":false,"_monsterinsights_sitenote_note":"","_monsterinsights_sitenote_category":0,"_uf_show_specific_survey":0,"_uf_disable_surveys":false,"footnotes":""},"categories":[1],"tags":[],"class_list":["post-17805","post","type-post","status-publish","format-standard","has-post-thumbnail","hentry","category-news"],"_links":{"self":[{"href":"https:\/\/agromt.news\/index.php?rest_route=\/wp\/v2\/posts\/17805"}],"collection":[{"href":"https:\/\/agromt.news\/index.php?rest_route=\/wp\/v2\/posts"}],"about":[{"href":"https:\/\/agromt.news\/index.php?rest_route=\/wp\/v2\/types\/post"}],"author":[{"embeddable":true,"href":"https:\/\/agromt.news\/index.php?rest_route=\/wp\/v2\/users\/1"}],"replies":[{"embeddable":true,"href":"https:\/\/agromt.news\/index.php?rest_route=%2Fwp%2Fv2%2Fcomments&post=17805"}],"version-history":[{"count":0,"href":"https:\/\/agromt.news\/index.php?rest_route=\/wp\/v2\/posts\/17805\/revisions"}],"wp:featuredmedia":[{"embeddable":true,"href":"https:\/\/agromt.news\/index.php?rest_route=\/wp\/v2\/media\/17806"}],"wp:attachment":[{"href":"https:\/\/agromt.news\/index.php?rest_route=%2Fwp%2Fv2%2Fmedia&parent=17805"}],"wp:term":[{"taxonomy":"category","embeddable":true,"href":"https:\/\/agromt.news\/index.php?rest_route=%2Fwp%2Fv2%2Fcategories&post=17805"},{"taxonomy":"post_tag","embeddable":true,"href":"https:\/\/agromt.news\/index.php?rest_route=%2Fwp%2Fv2%2Ftags&post=17805"}],"curies":[{"name":"wp","href":"https:\/\/api.w.org\/{rel}","templated":true}]}}