{"id":17802,"date":"2025-07-31T16:25:10","date_gmt":"2025-07-31T20:25:10","guid":{"rendered":"https:\/\/agromt.news\/?p=17802"},"modified":"2025-07-31T16:25:10","modified_gmt":"2025-07-31T20:25:10","slug":"governo-precisa-articular-com-setor-privado-para-isentar-mais-produtos-do-tarifaco","status":"publish","type":"post","link":"https:\/\/agromt.news\/?p=17802","title":{"rendered":"Governo precisa articular com setor privado para isentar mais produtos do tarifa\u00e7o"},"content":{"rendered":"<p> <br \/>\n<br \/><img decoding=\"async\" src=\"https:\/\/agromt.news\/wp-content\/uploads\/2025\/07\/Sem-citar-Brasil-EUA-estuda-nao-aplicar-tarifas-para-cafe.jpeg\" \/><\/p>\n<div>\n<p>O tarifa\u00e7o prometido por Donald Trump contra as exporta\u00e7\u00f5es brasileiras veio menos agressivo do que o inicialmente esperado. A Ordem Executiva assinada pelo presidente norte americano traz uma lista com quase <a href=\"https:\/\/www.canalrural.com.br\/agricultura\/suco-de-laranja-escapa-de-tarifas-nos-eua-gracas-a-dependencia-mutua-diz-citrusbr\/\">700 exce\u00e7\u00f5es a tarifa\u00e7\u00e3o de 50%<\/a>. Analistas do mercado avaliam que h\u00e1 margem para o Brasil negociar com os Estados Unidos uma amplia\u00e7\u00e3o dessa lista de exce\u00e7\u00f5es.<\/p>\n<p>Para Welber Barral, advogado e ex-secret\u00e1rio de Com\u00e9rcio Exterior, o pa\u00eds deve se preparar para dialogar com os norte-americanos.<\/p>\n<p>\u201cSempre h\u00e1 espa\u00e7o para negocia\u00e7\u00e3o. \u00c9 importante lembrar que, desde o in\u00edcio do ano, Trump j\u00e1 anunciou diversas medidas contra Canad\u00e1 e M\u00e9xico. Algumas foram renegociadas e setores chegaram a ser exclu\u00eddos, como o automotivo e o eletr\u00f4nico no caso do M\u00e9xico. Ent\u00e3o, evidentemente, h\u00e1 margem para negocia\u00e7\u00e3o e o Brasil precisa se preparar. Isso envolve montar uma lista de poss\u00edveis concess\u00f5es e entender quais s\u00e3o as reais demandas dos Estados Unidos\u201d, explica Barral.<\/p>\n<figure class=\"wp-block-embed is-type-video is-provider-youtube wp-block-embed-youtube wp-embed-aspect-16-9 wp-has-aspect-ratio\">\n<p>\n<iframe title=\"Exporta\u00e7\u00f5es de suco de laranja aos Estados Unidos ficam de fora do tarifa\u00e7o\" width=\"800\" height=\"450\" src=\"https:\/\/www.youtube.com\/embed\/lagaC01tchI?feature=oembed\" frameborder=\"0\" allow=\"accelerometer; autoplay; clipboard-write; encrypted-media; gyroscope; picture-in-picture; web-share\" referrerpolicy=\"strict-origin-when-cross-origin\" allowfullscreen><\/iframe>\n<\/p>\n<\/figure>\n<p>Ele destaca, no entanto, que as negocia\u00e7\u00f5es com o governo Trump tendem a ser dif\u00edceis, pois n\u00e3o se limitam a pautas econ\u00f4micas e envolvem disputas simult\u00e2neas com outros pa\u00edses.<\/p>\n<\/div>\n<div>\n<p>\u201c\u00c9 uma situa\u00e7\u00e3o complexa. O governo Trump est\u00e1 envolvido em v\u00e1rias negocia\u00e7\u00f5es comerciais ao mesmo tempo, e tem adotado uma postura agressiva, com amea\u00e7as a diversos parceiros. Embora j\u00e1 tenha fechado acordos com Jap\u00e3o, Uni\u00e3o Europeia e Coreia do Sul, ainda h\u00e1 muitas tratativas em andamento. Al\u00e9m disso, o Brasil n\u00e3o est\u00e1 entre os principais parceiros comerciais dos EUA, o que nos coloca em uma posi\u00e7\u00e3o de menor prioridade\u201d, pondera o especialista.<\/p>\n<p><em>Veja em primeira m\u00e3o tudo sobre agricultura, pecu\u00e1ria, economia e previs\u00e3o do tempo:<\/em><a href=\"https:\/\/news.google.com\/publications\/CAAqBwgKMPKZlQswq_mqAw?hl=pt-BR&amp;gl=BR&amp;ceid=BR%3Apt-419\" target=\"_blank\" rel=\"noreferrer noopener\"><em>\u00a0siga o Canal Rural no Google News!<\/em><\/a><\/p>\n<p>Segundo ele, diante desse cen\u00e1rio, o Brasil precisa agir em v\u00e1rias frentes. A primeira \u00e9 estabelecer uma interlocu\u00e7\u00e3o direta entre os dois governos. \u201cPelo que se sabe, os primeiros contatos, por meio do vice-presidente, t\u00eam sido positivos\u201d, afirma.<br \/>Barral acredita ainda que uma das estrat\u00e9gias mais eficazes para pressionar Washington a negociar \u00e9 envolver o setor privado brasileiro.<\/p>\n<p>\u201cO governo Trump \u00e9 altamente transacional. Ele busca vit\u00f3rias que possa apresentar aos eleitores. O Brasil tem institui\u00e7\u00f5es maduras e excelentes negociadores. Acredito que ser\u00e1 poss\u00edvel articular governo e setor privado para incluir mais produtos na lista de exce\u00e7\u00f5es \u00e0s tarifas\u201d, conclui.<\/p>\n<\/p><\/div>\n<p><br \/>\n<br \/><a href=\"https:\/\/www.canalrural.com.br\/economia\/governo-precisa-articular-com-setor-privado-para-isentar-mais-produtos-do-tarifaco\/\">Source link <\/a><\/p>\n","protected":false},"excerpt":{"rendered":"<p>O tarifa\u00e7o prometido por Donald Trump contra as exporta\u00e7\u00f5es brasileiras veio menos agressivo do que o inicialmente esperado. A Ordem<\/p>\n","protected":false},"author":1,"featured_media":17640,"comment_status":"open","ping_status":"open","sticky":false,"template":"","format":"standard","meta":{"_monsterinsights_skip_tracking":false,"_monsterinsights_sitenote_active":false,"_monsterinsights_sitenote_note":"","_monsterinsights_sitenote_category":0,"_uf_show_specific_survey":0,"_uf_disable_surveys":false,"footnotes":""},"categories":[1],"tags":[],"class_list":["post-17802","post","type-post","status-publish","format-standard","has-post-thumbnail","hentry","category-news"],"_links":{"self":[{"href":"https:\/\/agromt.news\/index.php?rest_route=\/wp\/v2\/posts\/17802"}],"collection":[{"href":"https:\/\/agromt.news\/index.php?rest_route=\/wp\/v2\/posts"}],"about":[{"href":"https:\/\/agromt.news\/index.php?rest_route=\/wp\/v2\/types\/post"}],"author":[{"embeddable":true,"href":"https:\/\/agromt.news\/index.php?rest_route=\/wp\/v2\/users\/1"}],"replies":[{"embeddable":true,"href":"https:\/\/agromt.news\/index.php?rest_route=%2Fwp%2Fv2%2Fcomments&post=17802"}],"version-history":[{"count":0,"href":"https:\/\/agromt.news\/index.php?rest_route=\/wp\/v2\/posts\/17802\/revisions"}],"wp:featuredmedia":[{"embeddable":true,"href":"https:\/\/agromt.news\/index.php?rest_route=\/wp\/v2\/media\/17640"}],"wp:attachment":[{"href":"https:\/\/agromt.news\/index.php?rest_route=%2Fwp%2Fv2%2Fmedia&parent=17802"}],"wp:term":[{"taxonomy":"category","embeddable":true,"href":"https:\/\/agromt.news\/index.php?rest_route=%2Fwp%2Fv2%2Fcategories&post=17802"},{"taxonomy":"post_tag","embeddable":true,"href":"https:\/\/agromt.news\/index.php?rest_route=%2Fwp%2Fv2%2Ftags&post=17802"}],"curies":[{"name":"wp","href":"https:\/\/api.w.org\/{rel}","templated":true}]}}