{"id":17800,"date":"2025-07-31T16:10:20","date_gmt":"2025-07-31T20:10:20","guid":{"rendered":"https:\/\/agromt.news\/?p=17800"},"modified":"2025-07-31T16:10:20","modified_gmt":"2025-07-31T20:10:20","slug":"produtores-reforcam-combate-a-soja-tiguera-para-evitar-ferrugem-e-pragas-em-mt","status":"publish","type":"post","link":"https:\/\/agromt.news\/?p=17800","title":{"rendered":"Produtores refor\u00e7am combate \u00e0 soja tiguera para evitar ferrugem e pragas em MT"},"content":{"rendered":"<p> <br \/>\n<br \/><img decoding=\"async\" src=\"https:\/\/agromt.news\/wp-content\/uploads\/2025\/07\/Produtores-reforcam-combate-a-soja-tiguera-para-evitar-ferrugem-e.png\" \/><\/p>\n<div>\n<p>No munic\u00edpio de Vera, produtores est\u00e3o cada vez mais atentos ao cumprimento do vazio sanit\u00e1rio da soja, que neste ano em <a href=\"https:\/\/www.canalrural.com.br\/?s=vazio+sanit%C3%A1rio\">Mato Grosso <\/a>ocorre entre 8 de junho e 6 de setembro. A pr\u00e1tica, que pro\u00edbe a presen\u00e7a de plantas vivas de soja nesse per\u00edodo, \u00e9 fundamental para conter a ferrugem asi\u00e1tica, uma das doen\u00e7as mais severas da cultura, al\u00e9m de prevenir a prolifera\u00e7\u00e3o de pragas na pr\u00f3xima safra.<\/p>\n<ul class=\"wp-block-list\">\n<li><strong><em>Fique por dentro das novidades e not\u00edcias recentes sobre a soja! Participe da nossa comunidade atrav\u00e9s do\u00a0<a href=\"https:\/\/chat.whatsapp.com\/BmMRwA0TZ2DHGyhzoaVEWu\">link<\/a>! \ud83c\udf31<\/em><\/strong><\/li>\n<\/ul>\n<figure class=\"wp-block-embed is-type-video is-provider-youtube wp-block-embed-youtube wp-embed-aspect-16-9 wp-has-aspect-ratio\">\n<p>\n<iframe title=\"Mato Grosso inicia ca\u00e7a \u00e0 soja fantasma hospedeira da ferrugem-asi\u00e1tica | Patrulheiro Agro ep. 200\" width=\"800\" height=\"450\" src=\"https:\/\/www.youtube.com\/embed\/984_j46ZHxM?feature=oembed\" frameborder=\"0\" allow=\"accelerometer; autoplay; clipboard-write; encrypted-media; gyroscope; picture-in-picture; web-share\" referrerpolicy=\"strict-origin-when-cross-origin\" allowfullscreen><\/iframe><noscript><iframe title=\"Mato Grosso inicia ca\u00e7a \u00e0 soja fantasma hospedeira da ferrugem-asi\u00e1tica | Patrulheiro Agro ep. 200\" width=\"800\" height=\"450\" src=\"https:\/\/www.youtube.com\/embed\/984_j46ZHxM?feature=oembed\" frameborder=\"0\" allow=\"accelerometer; autoplay; clipboard-write; encrypted-media; gyroscope; picture-in-picture; web-share\" referrerpolicy=\"strict-origin-when-cross-origin\" allowfullscreen><\/iframe><\/noscript>\n<\/p>\n<\/figure>\n<p>O agricultor Thiago Strapasson relata que o manejo come\u00e7a j\u00e1 na implanta\u00e7\u00e3o do milho, com o controle rigoroso da soja volunt\u00e1ria, conhecida como soja tiguera, para evitar que reste alguma planta viva at\u00e9 a colheita. \u201cAprendemos no passado tomando muito preju\u00edzo. Cada ano fomos mudando, nos aperfei\u00e7oando, para n\u00e3o passar por isso de novo. Jogamos calc\u00e1rio, passamos niveladoras para eliminar as plantas e fazer uma boa limpeza da \u00e1rea\u201d, afirma.<\/p>\n<p>O presidente do Sindicato Rural de Vera e Feliz Natal, Rafael Bilibio, destaca a import\u00e2ncia da conscientiza\u00e7\u00e3o: \u201c\u00c9 fundamental eliminar a soja tiguera, que al\u00e9m de ser hospedeira da ferrugem asi\u00e1tica, pode carregar pragas que comprometem a pr\u00f3xima safra.\u201d<\/p>\n<\/div>\n<div>\n<p>Segundo Renan Tomazele, diretor t\u00e9cnico da Indea-MT, o produtor mato-grossense j\u00e1 compreendeu o valor da medida. \u201cS\u00e3o 19 anos de vazio sanit\u00e1rio, e hoje vemos um comprometimento real. Mesmo em anos de clima adverso, os produtores t\u00eam feito as vistorias de campo, o que reduz o in\u00f3culo da doen\u00e7a no in\u00edcio da pr\u00f3xima safra. Nosso objetivo n\u00e3o \u00e9 aplicar multas, mas garantir que a medida seja respeitada.\u201d<\/p>\n<h2 class=\"wp-block-heading\" id=\"h-perigo-que-vai-alem-das-lavouras-de-soja\">Perigo que vai al\u00e9m das lavouras de soja<\/h2>\n<p>Mas o desafio vai al\u00e9m das propriedades. \u00c0s margens das rodovias, gr\u00e3os perdidos durante o transporte germinam e se tornam plantas hospedeiras, o que preocupa o setor. \u201c\u00c9 s\u00f3 andar pelas estradas que a gente v\u00ea. Aquelas plantas nascem dos gr\u00e3os ca\u00eddos dos caminh\u00f5es e viram verdadeiros viveiros de doen\u00e7as e pragas. Isso tamb\u00e9m precisa de aten\u00e7\u00e3o\u201d, alerta um dos entrevistados.<\/p>\n<p>O setor produtivo cobra a\u00e7\u00f5es concretas das concession\u00e1rias e do poder p\u00fablico municipal para o manejo dessas \u00e1reas. \u201cSeja por obriga\u00e7\u00e3o legal ou responsabilidade das empresas que administram as vias, \u00e9 preciso eliminar essas tigueras das estradas. Caso contr\u00e1rio, vamos pagar caro com ferrugem, mosca-branca e outras pragas mais adiante.\u201d<\/p>\n<\/p><\/div>\n<p><br \/>\n<br \/><a href=\"https:\/\/www.canalrural.com.br\/agricultura\/projeto-soja-brasil\/produtores-reforcam-combate-a-soja-tiguera-para-evitar-ferrugem-e-pragas-em-mt\/\">Source link <\/a><\/p>\n","protected":false},"excerpt":{"rendered":"<p>No munic\u00edpio de Vera, produtores est\u00e3o cada vez mais atentos ao cumprimento do vazio sanit\u00e1rio da soja, que neste ano<\/p>\n","protected":false},"author":1,"featured_media":17801,"comment_status":"open","ping_status":"open","sticky":false,"template":"","format":"standard","meta":{"_monsterinsights_skip_tracking":false,"_monsterinsights_sitenote_active":false,"_monsterinsights_sitenote_note":"","_monsterinsights_sitenote_category":0,"_uf_show_specific_survey":0,"_uf_disable_surveys":false,"footnotes":""},"categories":[1],"tags":[],"class_list":["post-17800","post","type-post","status-publish","format-standard","has-post-thumbnail","hentry","category-news"],"_links":{"self":[{"href":"https:\/\/agromt.news\/index.php?rest_route=\/wp\/v2\/posts\/17800"}],"collection":[{"href":"https:\/\/agromt.news\/index.php?rest_route=\/wp\/v2\/posts"}],"about":[{"href":"https:\/\/agromt.news\/index.php?rest_route=\/wp\/v2\/types\/post"}],"author":[{"embeddable":true,"href":"https:\/\/agromt.news\/index.php?rest_route=\/wp\/v2\/users\/1"}],"replies":[{"embeddable":true,"href":"https:\/\/agromt.news\/index.php?rest_route=%2Fwp%2Fv2%2Fcomments&post=17800"}],"version-history":[{"count":0,"href":"https:\/\/agromt.news\/index.php?rest_route=\/wp\/v2\/posts\/17800\/revisions"}],"wp:featuredmedia":[{"embeddable":true,"href":"https:\/\/agromt.news\/index.php?rest_route=\/wp\/v2\/media\/17801"}],"wp:attachment":[{"href":"https:\/\/agromt.news\/index.php?rest_route=%2Fwp%2Fv2%2Fmedia&parent=17800"}],"wp:term":[{"taxonomy":"category","embeddable":true,"href":"https:\/\/agromt.news\/index.php?rest_route=%2Fwp%2Fv2%2Fcategories&post=17800"},{"taxonomy":"post_tag","embeddable":true,"href":"https:\/\/agromt.news\/index.php?rest_route=%2Fwp%2Fv2%2Ftags&post=17800"}],"curies":[{"name":"wp","href":"https:\/\/api.w.org\/{rel}","templated":true}]}}