{"id":17797,"date":"2025-07-31T15:55:55","date_gmt":"2025-07-31T19:55:55","guid":{"rendered":"https:\/\/agromt.news\/?p=17797"},"modified":"2025-07-31T15:55:55","modified_gmt":"2025-07-31T19:55:55","slug":"jbs-firma-convenio-com-o-governo-para-ofertar-emprego-a-beneficiarios-do-bolsa-familia","status":"publish","type":"post","link":"https:\/\/agromt.news\/?p=17797","title":{"rendered":"JBS firma conv\u00eanio com o governo para ofertar emprego a benefici\u00e1rios do Bolsa Fam\u00edlia"},"content":{"rendered":"<p> <br \/>\n<br \/><img decoding=\"async\" src=\"https:\/\/agromt.news\/wp-content\/uploads\/2025\/07\/JBS-firma-convenio-com-o-governo-para-ofertar-emprego-a.jpg\" \/><\/p>\n<div>\n<p>A JBS assinou nesta quinta-feira (31) um acordo de coopera\u00e7\u00e3o t\u00e9cnica com o governo federal, por meio do Minist\u00e9rio do Desenvolvimento e Assist\u00eancia Social, Fam\u00edlia e Combate \u00e0 Fome (MDS), para oferecer vagas de emprego a inscritos no Cadastro \u00danico para Programa Sociais (Cad\u00danico). O sistema \u00e9 a principal porta de entrada para programas como o Bolsa Fam\u00edlia.<\/p>\n<p>O conv\u00eanio entre a companhia e o governo tem dura\u00e7\u00e3o de dois anos e tem como objetivo promover a inclus\u00e3o socioecon\u00f4mica das pessoas inscritas no Cad\u00danico. <\/p>\n<p>O acordo foi celebrado na sede da JBS em S\u00e3o Paulo, com a presen\u00e7a do ministro do Desenvolvimento, Wellington Dias, do conselheiro da JBS Wesley Batista e do CEO global da empresa, Gilberto Tomazoni.<\/p>\n<p>\u201cAcreditamos que a gera\u00e7\u00e3o de emprego \u00e9 uma das formas mais efetivas de inclus\u00e3o social. Ao unirmos esfor\u00e7os com o MDS, refor\u00e7amos nosso compromisso com o desenvolvimento das comunidades onde atuamos e contribu\u00edmos para ampliar o acesso a oportunidades formais de trabalho\u201d, afirmou Wesley Batista. <\/p>\n<p>De acordo com ele, o que mais se ouve nas unidades do grupo s\u00e3o pessoas que querem oportunidade para elas e para as suas fam\u00edlias. \u201cValorizar gente \u00e9 o que move a JBS. E quem faz tudo acontecer aqui s\u00e3o as pessoas. A expectativa de um futuro melhor \u00e9 o que nos incentiva a oferecer portas abertas para quem quer transformar a pr\u00f3pria hist\u00f3ria\u201d, enfatizou.<\/p>\n<h2 class=\"wp-block-heading\" id=\"h-presenca-da-jbs-no-pais\">Presen\u00e7a da JBS no pa\u00eds<\/h2>\n<p>Uma das maiores empregadoras do pa\u00eds, a JBS conta com unidades de produ\u00e7\u00e3o em mais de 100 munic\u00edpios brasileiros e um total de 158 mil colaboradores no pa\u00eds. <\/p>\n<\/div>\n<div>\n<p>Tomazoni refor\u00e7a que a empresa acredita na for\u00e7a de trabalho como motor de transforma\u00e7\u00e3o. \u201cEstamos presentes em centenas de munic\u00edpios brasileiros, impulsionando o desenvolvimento social por meio da gera\u00e7\u00e3o de empregos, da forma\u00e7\u00e3o de pessoas e do fortalecimento das comunidades. E fazemos isso com um objetivo claro: sermos os melhores naquilo que nos propusemos a fazer\u201d, destacou.<\/p>\n<p>Para viabilizar a participa\u00e7\u00e3o dos inscritos no Cad\u00danico nos processos seletivos da companhia, o MDS atuar\u00e1 em parceria com \u00f3rg\u00e3os da rede de assist\u00eancia social para garantir, de forma impessoal, o acesso \u00e0s informa\u00e7\u00f5es necess\u00e1rias, mediante consentimento pr\u00e9vio dos candidatos.<\/p>\n<h2 class=\"wp-block-heading\" id=\"h-desenvolvimento-socioeconomico\">Desenvolvimento socioecon\u00f4mico<\/h2>\n<p>No evento, o ministro Wellington Dias ressaltou que o social precisa ser parte estrat\u00e9gica integrada ao econ\u00f4mico. \u201cN\u00e3o d\u00e1 para tratar a fome separadamente da pobreza e nem os dois separados da economia. \u00c9 preciso integrar o social, o ambiental e o econ\u00f4mico para vermos a mudan\u00e7a acontecer\u201d, declarou.<\/p>\n<p>O compartilhamento de dados com a JBS ser\u00e1 realizado em conformidade com a Pol\u00edtica de Privacidade da empresa e com as diretrizes da Lei Geral de Prote\u00e7\u00e3o de Dados (LGPD). <\/p>\n<p>Assim, pelo acordo, caber\u00e1 \u00e0 JBS realizar os processos seletivos e encaminhar ao MDS os dados dos candidatos contratados, a fim de validar sua elegibilidade no Cad\u00danico. Criado em 2001, o sistema re\u00fane informa\u00e7\u00f5es de fam\u00edlias de baixa renda existentes no pa\u00eds para inclus\u00e3o em programas de assist\u00eancia social e redistribui\u00e7\u00e3o de renda.<\/p>\n<\/p><\/div>\n<p><br \/>\n<br \/><a href=\"https:\/\/www.canalrural.com.br\/economia\/jbs-firma-convenio-com-o-governo-para-ofertar-emprego-a-beneficiarios-do-bolsa-familia\/\">Source link <\/a><\/p>\n","protected":false},"excerpt":{"rendered":"<p>A JBS assinou nesta quinta-feira (31) um acordo de coopera\u00e7\u00e3o t\u00e9cnica com o governo federal, por meio do Minist\u00e9rio do<\/p>\n","protected":false},"author":1,"featured_media":17798,"comment_status":"open","ping_status":"open","sticky":false,"template":"","format":"standard","meta":{"_monsterinsights_skip_tracking":false,"_monsterinsights_sitenote_active":false,"_monsterinsights_sitenote_note":"","_monsterinsights_sitenote_category":0,"_uf_show_specific_survey":0,"_uf_disable_surveys":false,"footnotes":""},"categories":[1],"tags":[],"class_list":["post-17797","post","type-post","status-publish","format-standard","has-post-thumbnail","hentry","category-news"],"_links":{"self":[{"href":"https:\/\/agromt.news\/index.php?rest_route=\/wp\/v2\/posts\/17797"}],"collection":[{"href":"https:\/\/agromt.news\/index.php?rest_route=\/wp\/v2\/posts"}],"about":[{"href":"https:\/\/agromt.news\/index.php?rest_route=\/wp\/v2\/types\/post"}],"author":[{"embeddable":true,"href":"https:\/\/agromt.news\/index.php?rest_route=\/wp\/v2\/users\/1"}],"replies":[{"embeddable":true,"href":"https:\/\/agromt.news\/index.php?rest_route=%2Fwp%2Fv2%2Fcomments&post=17797"}],"version-history":[{"count":0,"href":"https:\/\/agromt.news\/index.php?rest_route=\/wp\/v2\/posts\/17797\/revisions"}],"wp:featuredmedia":[{"embeddable":true,"href":"https:\/\/agromt.news\/index.php?rest_route=\/wp\/v2\/media\/17798"}],"wp:attachment":[{"href":"https:\/\/agromt.news\/index.php?rest_route=%2Fwp%2Fv2%2Fmedia&parent=17797"}],"wp:term":[{"taxonomy":"category","embeddable":true,"href":"https:\/\/agromt.news\/index.php?rest_route=%2Fwp%2Fv2%2Fcategories&post=17797"},{"taxonomy":"post_tag","embeddable":true,"href":"https:\/\/agromt.news\/index.php?rest_route=%2Fwp%2Fv2%2Ftags&post=17797"}],"curies":[{"name":"wp","href":"https:\/\/api.w.org\/{rel}","templated":true}]}}