{"id":17796,"date":"2025-07-31T15:07:12","date_gmt":"2025-07-31T19:07:12","guid":{"rendered":"https:\/\/agromt.news\/?p=17796"},"modified":"2025-07-31T15:07:12","modified_gmt":"2025-07-31T19:07:12","slug":"tarifaco-pode-afetar-36-das-exportacoes-brasileiras-diz-alckmin","status":"publish","type":"post","link":"https:\/\/agromt.news\/?p=17796","title":{"rendered":"Tarifa\u00e7o pode afetar 36% das exporta\u00e7\u00f5es brasileiras, diz Alckmin"},"content":{"rendered":"<p> <br \/>\n<br \/><img decoding=\"async\" src=\"https:\/\/agromt.news\/wp-content\/uploads\/2024\/09\/Alckmin-afirma-que-governo-cumprira-rigorosamente-o-arcabouco-fiscal.jpg\" \/><\/p>\n<div>\n<p>O vice-presidente e ministro do Desenvolvimento, Ind\u00fastria, Com\u00e9rcio e Servi\u00e7os, Geraldo Alckmin, calcula que 35,9% das exporta\u00e7\u00f5es brasileiras poder\u00e3o ser afetadas, caso se concretizem as medidas anunciadas pelo governo dos Estados Unidos, j\u00e1 considerando os cerca de 700 produtos que ficaram fora da lista do tarifa\u00e7o de 50% contra o Brasil.<\/p>\n<p>Ao participar do programa <em>Mais Voc\u00ea<\/em>, da Rede Globo, nesta quinta-feira (31), Alckmin disse que o governo atuar\u00e1 para amenizar seus efeitos para os setores prejudicados, em especial para garantir a manuten\u00e7\u00e3o dos empregos.<\/p>\n<p>\u201cVamos defender os 35% das exporta\u00e7\u00f5es que foram afetadas. Vamos nos debru\u00e7ar nesses 35% e preservar empregos, fazendo estudos visando esses setores mais atingidos\u201d, disse.<\/p>\n<p>Em carta enviada ao governo brasileiro no dia 9 de julho, o presidente dos EUA, Donald Trump, anunciou que as exporta\u00e7\u00f5es brasileiras \u00e0quele pa\u00eds seriam taxadas em 50% a partir de 1\u00ba de agosto.<\/p>\n<p>Nesta quarta-feira (30), o governo norte-americano amenizou o tom ao postergar o in\u00edcio da taxa\u00e7\u00e3o para o dia 6 de agosto, al\u00e9m de apresentar <a href=\"https:\/\/www.canalrural.com.br\/economia\/suco-de-laranja-e-castanhas-nao-serao-taxados-por-trump\/\">uma lista com cerca de 700 exce\u00e7\u00f5es<\/a>, abrangendo produtos que, caso n\u00e3o estivessem \u00e0 disposi\u00e7\u00e3o, poderiam causar impacto negativo na economia daquele pa\u00eds.<\/p>\n<p>Entre os produtos da lista est\u00e3o suco e polpa de laranja, combust\u00edveis, min\u00e9rios, fertilizantes e aeronaves civis, incluindo seus motores, pe\u00e7as e componentes. Tamb\u00e9m ficaram de fora do tarifa\u00e7o polpa de madeira, celulose, metais preciosos, energia e produtos energ\u00e9ticos. A lista, no entanto, n\u00e3o inclui caf\u00e9, frutas e carnes. Todos a serem taxados em 50%.<\/p>\n<p><em>Veja em primeira m\u00e3o tudo sobre agricultura, pecu\u00e1ria, economia e previs\u00e3o do tempo:<\/em><a href=\"https:\/\/news.google.com\/publications\/CAAqBwgKMPKZlQswq_mqAw?hl=pt-BR&amp;gl=BR&amp;ceid=BR%3Apt-419\" target=\"_blank\" rel=\"noreferrer noopener\"><em>\u00a0siga o Canal Rural no Google News!<\/em><\/a><\/p>\n<p>\u201c\u00c0s vezes voc\u00ea tem um setor que 90% dele vende para dentro (consumo interno) e exporta 10% apenas. Nesse caso, ele \u00e9 menos atingido. Agora, voc\u00ea tem tamb\u00e9m setores que exportam metade da produ\u00e7\u00e3o. E, dentro dessa metade, 70% \u00e9 para os Estados Unidos. Ele ent\u00e3o \u00e9 muito atingido\u201d, acrescentou.<\/p>\n<h2 class=\"wp-block-heading\" id=\"h-plano\">Plano<\/h2>\n<p>Segundo Alckmin, o governo j\u00e1 tem um <a href=\"https:\/\/www.canalrural.com.br\/diversos\/haddad-entrega-plano-de-contigencia-sobre-tarifaco-para-lula\/\">plano de a\u00e7\u00e3o<\/a> \u201cpraticamente pronto\u201d, com foco em preservar empregos e a produ\u00e7\u00e3o.<\/p>\n<p>\u201cAinda est\u00e1 sob an\u00e1lise porque s\u00f3 ontem foram apresentados alguns detalhes do tarifa\u00e7o.<br \/>Ele explicou que o presidente Lula ainda vai bater o martelo, e que o plano ter\u00e1 algum impacto de natureza financeira, credit\u00edcia, tribut\u00e1ria, mas que n\u00e3o deixar\u00e1 ningu\u00e9m desamparado.<\/p>\n<\/div>\n<div>\n<p>\u201cEm primeiro lugar, vamos lutar para diminuir aqueles 35,9% que foram efetivamente atingido pela tarifa dos 50%. N\u00e3o damos isso como assunto encerrado. A negocia\u00e7\u00e3o crescer\u00e1. N\u00e3o encerrou ontem [com o \u00faltimo an\u00fancio dos EUA]\u201d, disse.<\/p>\n<p>\u201cEm segundo lugar, vamos buscar alternativas de mercado; e em terceiro, vamos apoiar setores que precisam de apoio, como o de pescado, o de mel, frutas\u201d, acrescentou.<\/p>\n<p>Alckmin disse que o governo pretende ampliar a lista, incluindo outras frutas, bem como a carne bovina. \u201cEles haviam citado a manga, por exemplo. Mas ao que parece esqueceram. Vamos lembr\u00e1-los\u201d.<\/p>\n<h2 class=\"wp-block-heading\" id=\"h-novos-mercados\">Novos mercados<\/h2>\n<p>O foco, reiterou ele, \u00e9 buscar mercado para n\u00e3o prejudicar produtores, de forma a evitar queda na produ\u00e7\u00e3o por falta de mercado.<\/p>\n<p>\u201cO Brasil tem, em n\u00fameros redondos, 2% do PIB do mundo. Ent\u00e3o, 98% do com\u00e9rcio est\u00e1 l\u00e1 fora. Temos de correr atr\u00e1s na \u00e1rea agr\u00edcola. Vale lembrar que abrimos 398 novos mercados. Somos protagonista alimentar, energ\u00e9tico e do clima\u201d, argumentou.<\/p>\n<p>Ele acrescentou que, ap\u00f3s muito tempo de isolamento, o Mercosul fechou \u00f3timos acordos recentemente com Singapura, ano passado; e que ainda este ano dever\u00e1 entrar em vigor outro acordo com a Uni\u00e3o Europeia.<\/p>\n<p>\u201cSer\u00e3o 27 pa\u00edses dos mais ricos do mundo, nesse acordo comercial Mercosul-Uni\u00e3o Europeia. Fora outros quatro com Noruega, Su\u00ed\u00e7a, Isl\u00e2ndia e Lichenstein, que tamb\u00e9m s\u00e3o ricos mas n\u00e3o est\u00e3o na Uni\u00e3o Europeia. S\u00e3o acordos que v\u00e3o ajudar muito o com\u00e9rcio exterior brasileiro\u201d, complementou.<\/p>\n<h2 class=\"wp-block-heading\" id=\"h-soberania\">Soberania<\/h2>\n<p>Outra quest\u00e3o ressaltada por Alckmin durante o programa foi a da soberania, algo que, para o governo, \u00e9 inegoci\u00e1vel.<\/p>\n<p>\u201cAt\u00e9 porque n\u00e3o \u00e9 poss\u00edvel um poder interferir em outro. \u00c9 bom lembrar que o presidente Lula ficou preso um ano e meio e nunca quis derrubar a democracia nem o poder judici\u00e1rio\u201d.<br \/>Alckmin disse que Lula se reuniu ontem com ministros da suprema corte, e que um documento foi preparado em resposta, reafirmando a separa\u00e7\u00e3o entre os poderes no Brasil; e que tal interfer\u00eancia externa, como a tentada pelos EUA, vai contra a democracia e o estado de direito.<\/p>\n<p>\u201cImagine que a Suprema Corte americana tivesse processado um ex-presidente [daquele pa\u00eds] e o Brasil falasse que [por isso] aumentaria a tarifa de produtos americanos que entrassem aqui, apenas por n\u00e3o gostar da decis\u00e3o\u201d, questionou o vice-presidente brasileiro.<br \/>Ainda segundo Alckmin, o governo tem mantido conversas com autoridades norte-americanas e, tamb\u00e9m, com representantes das chamadas big techs (empresas de tecnologia).<\/p>\n<\/p><\/div>\n<p><br \/>\n<br \/><a href=\"https:\/\/www.canalrural.com.br\/diversos\/tarifaco-pode-afetar-36-das-exportacoes-brasileiras-diz-alckmin\/\">Source link <\/a><\/p>\n","protected":false},"excerpt":{"rendered":"<p>O vice-presidente e ministro do Desenvolvimento, Ind\u00fastria, Com\u00e9rcio e Servi\u00e7os, Geraldo Alckmin, calcula que 35,9% das exporta\u00e7\u00f5es brasileiras poder\u00e3o ser<\/p>\n","protected":false},"author":1,"featured_media":2093,"comment_status":"open","ping_status":"open","sticky":false,"template":"","format":"standard","meta":{"_monsterinsights_skip_tracking":false,"_monsterinsights_sitenote_active":false,"_monsterinsights_sitenote_note":"","_monsterinsights_sitenote_category":0,"_uf_show_specific_survey":0,"_uf_disable_surveys":false,"footnotes":""},"categories":[1],"tags":[],"class_list":["post-17796","post","type-post","status-publish","format-standard","has-post-thumbnail","hentry","category-news"],"_links":{"self":[{"href":"https:\/\/agromt.news\/index.php?rest_route=\/wp\/v2\/posts\/17796"}],"collection":[{"href":"https:\/\/agromt.news\/index.php?rest_route=\/wp\/v2\/posts"}],"about":[{"href":"https:\/\/agromt.news\/index.php?rest_route=\/wp\/v2\/types\/post"}],"author":[{"embeddable":true,"href":"https:\/\/agromt.news\/index.php?rest_route=\/wp\/v2\/users\/1"}],"replies":[{"embeddable":true,"href":"https:\/\/agromt.news\/index.php?rest_route=%2Fwp%2Fv2%2Fcomments&post=17796"}],"version-history":[{"count":0,"href":"https:\/\/agromt.news\/index.php?rest_route=\/wp\/v2\/posts\/17796\/revisions"}],"wp:featuredmedia":[{"embeddable":true,"href":"https:\/\/agromt.news\/index.php?rest_route=\/wp\/v2\/media\/2093"}],"wp:attachment":[{"href":"https:\/\/agromt.news\/index.php?rest_route=%2Fwp%2Fv2%2Fmedia&parent=17796"}],"wp:term":[{"taxonomy":"category","embeddable":true,"href":"https:\/\/agromt.news\/index.php?rest_route=%2Fwp%2Fv2%2Fcategories&post=17796"},{"taxonomy":"post_tag","embeddable":true,"href":"https:\/\/agromt.news\/index.php?rest_route=%2Fwp%2Fv2%2Ftags&post=17796"}],"curies":[{"name":"wp","href":"https:\/\/api.w.org\/{rel}","templated":true}]}}