{"id":17787,"date":"2025-07-31T12:28:06","date_gmt":"2025-07-31T16:28:06","guid":{"rendered":"https:\/\/agromt.news\/?p=17787"},"modified":"2025-07-31T12:28:06","modified_gmt":"2025-07-31T16:28:06","slug":"canada-e-eua-podem-nao-chegar-a-um-acordo-ate-1o-de-agosto-diz-primeiro-ministro","status":"publish","type":"post","link":"https:\/\/agromt.news\/?p=17787","title":{"rendered":"Canad\u00e1 e EUA podem n\u00e3o chegar a um acordo at\u00e9 1\u00ba de agosto, diz primeiro-ministro"},"content":{"rendered":"<p> <br \/>\n<br \/><img decoding=\"async\" src=\"https:\/\/agromt.news\/wp-content\/uploads\/2025\/05\/Imagem-Trump-com-marreta-horizontal.png\" \/><\/p>\n<div>\n<p>O primeiro-ministro do Canad\u00e1, Mark Carney, afirmou que as negocia\u00e7\u00f5es bilaterais com os Estados Unidos para resolver a disputa tarif\u00e1ria podem n\u00e3o resultar em um acordo antes do prazo de 1\u00ba de agosto.<\/p>\n<p>Autoridades do pa\u00eds est\u00e3o em Washington buscando um acordo que seja adequado para o Canad\u00e1, mas Carney reconheceu que \u00e9 poss\u00edvel que as conversas n\u00e3o sejam conclu\u00eddas at\u00e9 a data limite. Essa indefini\u00e7\u00e3o reflete as dificuldades das negocia\u00e7\u00f5es entre os dois vizinhos da Am\u00e9rica do Norte, que juntos movimentaram quase US$ 800 bilh\u00f5es em com\u00e9rcio bilateral no ano passado.<\/p>\n<p>O presidente Donald Trump declarou que o prazo de 1\u00ba de agosto n\u00e3o ser\u00e1 prorrogado, apesar de Carney ter afirmado dias antes acreditar que havia uma \u201czona de aterrissagem\u201d prop\u00edcia para um acordo.<\/p>\n<p>Os Estados Unidos j\u00e1 fecharam acordos tarif\u00e1rios com <a href=\"https:\/\/www.canalrural.com.br\/opiniao-noticias\/trump-anuncia-mega-acordo-com-o-japao-e-reforca-estrategia-de-tarifacao-reciproca\/\">Jap\u00e3o <\/a>e <a href=\"https:\/\/www.canalrural.com.br\/internacional\/eua-e-uniao-europeia-fecham-acordo-tarifario\/\">Uni\u00e3o Europeia<\/a>, aplicando uma tarifa de 15% sobre a maioria dos produtos importados desses parceiros, ao mesmo tempo que mant\u00eam tarifas de 50% sobre a\u00e7o e alum\u00ednio. O Canad\u00e1 \u00e9 atualmente a \u00fanica economia do G7 que ainda n\u00e3o possui um acordo tarif\u00e1rio com os EUA, aumentando a press\u00e3o sobre as negocia\u00e7\u00f5es.<\/p>\n<\/div>\n<div>\n<p>Carney destacou que as negocia\u00e7\u00f5es s\u00e3o complexas e que os representantes canadenses est\u00e3o empenhados em garantir o melhor acordo poss\u00edvel para a economia do pa\u00eds, mas que ainda n\u00e3o chegaram a um consenso. Ele tamb\u00e9m mencionou que, caso n\u00e3o haja um acordo antes do prazo final, existem outras \u00e1reas para coopera\u00e7\u00e3o entre Washington e Ottawa, como esfor\u00e7os para fortalecer a seguran\u00e7a continental, que s\u00e3o parte do atual processo negociador.<\/p>\n<p><em>Veja em primeira m\u00e3o tudo sobre agricultura, pecu\u00e1ria, economia e previs\u00e3o do tempo:<\/em><a href=\"https:\/\/news.google.com\/publications\/CAAqBwgKMPKZlQswq_mqAw?hl=pt-BR&amp;gl=BR&amp;ceid=BR%3Apt-419\" target=\"_blank\" rel=\"noreferrer noopener\"><em>\u00a0siga o Canal Rural no Google News!<\/em><\/a><\/p>\n<p>A incerteza sobre o futuro do com\u00e9rcio bilateral tem exercido impacto negativo na economia<br \/>canadense. Segundo o Banco do Canad\u00e1, se o cen\u00e1rio atual de tarifas continuar, o crescimento econ\u00f4mico do pa\u00eds deve permanecer fraco at\u00e9 2026 e in\u00edcio de 2027, afetando investimentos e a confian\u00e7a empresarial. Esse ambiente de instabilidade dificulta o planejamento econ\u00f4mico e pode frear o dinamismo do setor produtivo canadense.<\/p>\n<\/p><\/div>\n<p><br \/>\n<br \/><a href=\"https:\/\/www.canalrural.com.br\/internacional\/canada-e-eua-podem-nao-chegar-a-um-acordo-ate-1o-de-agosto-diz-primeiro-ministro\/\">Source link <\/a><\/p>\n","protected":false},"excerpt":{"rendered":"<p>O primeiro-ministro do Canad\u00e1, Mark Carney, afirmou que as negocia\u00e7\u00f5es bilaterais com os Estados Unidos para resolver a disputa tarif\u00e1ria<\/p>\n","protected":false},"author":1,"featured_media":13589,"comment_status":"open","ping_status":"open","sticky":false,"template":"","format":"standard","meta":{"_monsterinsights_skip_tracking":false,"_monsterinsights_sitenote_active":false,"_monsterinsights_sitenote_note":"","_monsterinsights_sitenote_category":0,"_uf_show_specific_survey":0,"_uf_disable_surveys":false,"footnotes":""},"categories":[1],"tags":[],"class_list":["post-17787","post","type-post","status-publish","format-standard","has-post-thumbnail","hentry","category-news"],"_links":{"self":[{"href":"https:\/\/agromt.news\/index.php?rest_route=\/wp\/v2\/posts\/17787"}],"collection":[{"href":"https:\/\/agromt.news\/index.php?rest_route=\/wp\/v2\/posts"}],"about":[{"href":"https:\/\/agromt.news\/index.php?rest_route=\/wp\/v2\/types\/post"}],"author":[{"embeddable":true,"href":"https:\/\/agromt.news\/index.php?rest_route=\/wp\/v2\/users\/1"}],"replies":[{"embeddable":true,"href":"https:\/\/agromt.news\/index.php?rest_route=%2Fwp%2Fv2%2Fcomments&post=17787"}],"version-history":[{"count":0,"href":"https:\/\/agromt.news\/index.php?rest_route=\/wp\/v2\/posts\/17787\/revisions"}],"wp:featuredmedia":[{"embeddable":true,"href":"https:\/\/agromt.news\/index.php?rest_route=\/wp\/v2\/media\/13589"}],"wp:attachment":[{"href":"https:\/\/agromt.news\/index.php?rest_route=%2Fwp%2Fv2%2Fmedia&parent=17787"}],"wp:term":[{"taxonomy":"category","embeddable":true,"href":"https:\/\/agromt.news\/index.php?rest_route=%2Fwp%2Fv2%2Fcategories&post=17787"},{"taxonomy":"post_tag","embeddable":true,"href":"https:\/\/agromt.news\/index.php?rest_route=%2Fwp%2Fv2%2Ftags&post=17787"}],"curies":[{"name":"wp","href":"https:\/\/api.w.org\/{rel}","templated":true}]}}