{"id":17785,"date":"2025-07-31T11:44:26","date_gmt":"2025-07-31T15:44:26","guid":{"rendered":"https:\/\/agromt.news\/?p=17785"},"modified":"2025-07-31T11:44:26","modified_gmt":"2025-07-31T15:44:26","slug":"suco-de-laranja-escapa-de-tarifas-nos-eua-gracas-a-dependencia-mutua-diz-citrusbr","status":"publish","type":"post","link":"https:\/\/agromt.news\/?p=17785","title":{"rendered":"Suco de laranja escapa de tarifas nos EUA gra\u00e7as \u00e0 depend\u00eancia m\u00fatua, diz CitrusBR"},"content":{"rendered":"<p> <br \/>\n<br \/><img decoding=\"async\" src=\"https:\/\/agromt.news\/wp-content\/uploads\/2025\/07\/Suco-de-laranja-tarifas-americanas-preocupam-o-setor.jpg\" \/><\/p>\n<div>\n<p>O setor brasileiro de suco de laranja recebeu com al\u00edvio a not\u00edcia de que foi inclu\u00eddo na lista de exce\u00e7\u00f5es \u00e0s novas tarifas de importa\u00e7\u00e3o anunciadas pelos Estados Unidos. Segundo o diretor-executivo da Associa\u00e7\u00e3o Nacional dos Exportadores de Sucos C\u00edtricos <strong><a href=\"http:\/\/www.canalrural.com.br\/tag\/citrusbr\/\">(CitrusBR)<\/a><\/strong>, Ibiapaba Netto, a medida impede um impacto bilion\u00e1rio sobre as exporta\u00e7\u00f5es brasileiras, estimado em R$ 3,6 bilh\u00f5es.<\/p>\n<p>A decis\u00e3o evita a inviabiliza\u00e7\u00e3o do principal mercado para o produto nacional. Hoje, o Brasil representa 56% do consumo de suco de laranja nos EUA e responde por 70% das importa\u00e7\u00f5es americanas. Em contrapartida, os Estados Unidos absorvem 42% de tudo que o Brasil exporta em suco de laranja.<\/p>\n<\/div>\n<div>\n<p>\u201c\u00c9 uma rela\u00e7\u00e3o de interdepend\u00eancia. Essa concess\u00e3o foi feita pelo governo americano para proteger as empresas locais, que dependem do nosso produto. N\u00e3o foi um benef\u00edcio ao Brasil, mas aceitamos essa carona com muito al\u00edvio\u201d, afirmou Netto.<\/p>\n<p>A isen\u00e7\u00e3o garante previsibilidade para a ind\u00fastria brasileira e estabilidade para o consumidor norte-americano, num mercado onde as cadeias produtivas est\u00e3o profundamente conectadas.<\/p>\n<\/p><\/div>\n<p><br \/>\n<br \/><a href=\"https:\/\/www.canalrural.com.br\/agricultura\/suco-de-laranja-escapa-de-tarifas-nos-eua-gracas-a-dependencia-mutua-diz-citrusbr\/\">Source link <\/a><\/p>\n","protected":false},"excerpt":{"rendered":"<p>O setor brasileiro de suco de laranja recebeu com al\u00edvio a not\u00edcia de que foi inclu\u00eddo na lista de exce\u00e7\u00f5es<\/p>\n","protected":false},"author":1,"featured_media":16992,"comment_status":"open","ping_status":"open","sticky":false,"template":"","format":"standard","meta":{"_monsterinsights_skip_tracking":false,"_monsterinsights_sitenote_active":false,"_monsterinsights_sitenote_note":"","_monsterinsights_sitenote_category":0,"_uf_show_specific_survey":0,"_uf_disable_surveys":false,"footnotes":""},"categories":[1],"tags":[],"class_list":["post-17785","post","type-post","status-publish","format-standard","has-post-thumbnail","hentry","category-news"],"_links":{"self":[{"href":"https:\/\/agromt.news\/index.php?rest_route=\/wp\/v2\/posts\/17785"}],"collection":[{"href":"https:\/\/agromt.news\/index.php?rest_route=\/wp\/v2\/posts"}],"about":[{"href":"https:\/\/agromt.news\/index.php?rest_route=\/wp\/v2\/types\/post"}],"author":[{"embeddable":true,"href":"https:\/\/agromt.news\/index.php?rest_route=\/wp\/v2\/users\/1"}],"replies":[{"embeddable":true,"href":"https:\/\/agromt.news\/index.php?rest_route=%2Fwp%2Fv2%2Fcomments&post=17785"}],"version-history":[{"count":0,"href":"https:\/\/agromt.news\/index.php?rest_route=\/wp\/v2\/posts\/17785\/revisions"}],"wp:featuredmedia":[{"embeddable":true,"href":"https:\/\/agromt.news\/index.php?rest_route=\/wp\/v2\/media\/16992"}],"wp:attachment":[{"href":"https:\/\/agromt.news\/index.php?rest_route=%2Fwp%2Fv2%2Fmedia&parent=17785"}],"wp:term":[{"taxonomy":"category","embeddable":true,"href":"https:\/\/agromt.news\/index.php?rest_route=%2Fwp%2Fv2%2Fcategories&post=17785"},{"taxonomy":"post_tag","embeddable":true,"href":"https:\/\/agromt.news\/index.php?rest_route=%2Fwp%2Fv2%2Ftags&post=17785"}],"curies":[{"name":"wp","href":"https:\/\/api.w.org\/{rel}","templated":true}]}}