{"id":17782,"date":"2025-07-31T10:58:11","date_gmt":"2025-07-31T14:58:11","guid":{"rendered":"https:\/\/agromt.news\/?p=17782"},"modified":"2025-07-31T10:58:11","modified_gmt":"2025-07-31T14:58:11","slug":"brasil-registra-taxa-de-desemprego-de-58-segundo-ibge","status":"publish","type":"post","link":"https:\/\/agromt.news\/?p=17782","title":{"rendered":"Brasil registra taxa de desemprego\u00a0de\u00a05,8%, segundo IBGE"},"content":{"rendered":"<p> <br \/>\n<br \/><img decoding=\"async\" src=\"https:\/\/agromt.news\/wp-content\/uploads\/2025\/07\/Brasil-registra-taxa-de-desemprego-de-58-segundo-IBGE.jpg\" \/><\/p>\n<div>\n<p>O Brasil atingiu no segundo trimestre do ano a taxa de <a href=\"https:\/\/www.canalrural.com.br\/empreendedorismo\/desemprego-recua-no-brasil-e-pequenos-negocios-lideram-geracao-de-empregos\/\">desemprego<\/a> de 5,8%. \u00c9 o menor patamar j\u00e1 registrado pela s\u00e9rie hist\u00f3rica do Instituto Brasileiro de Geografia e Estat\u00edstica (IBGE), iniciada em 2012. O dado faz parte da Pesquisa Nacional por Amostra de Domic\u00edlios (Pnad) Cont\u00ednua, divulgada nesta quinta-feira (31). O levantamento mostra ainda que o pa\u00eds bateu recorde de emprego com carteira e sal\u00e1rio do trabalhador.<\/p>\n<p>A menor taxa de desocupa\u00e7\u00e3o pertencia a novembro de 2024, com 6,1%. No primeiro trimestre de 2025, o \u00edndice estava em 7%. J\u00e1 no segundo trimestre de 2024 era 6,9%.<\/p>\n<p><em>Veja em primeira m\u00e3o tudo sobre agricultura, pecu\u00e1ria, economia e previs\u00e3o do tempo:<\/em><a href=\"https:\/\/news.google.com\/publications\/CAAqBwgKMPKZlQswq_mqAw?hl=pt-BR&amp;gl=BR&amp;ceid=BR%3Apt-419\" target=\"_blank\" rel=\"noreferrer noopener\"><em>\u00a0siga o Canal Rural no Google News!<\/em><\/a><\/p>\n<p>No conjunto de tr\u00eas meses encerrado em julho, o pa\u00eds tinha 102,3 milh\u00f5es de trabalhadores ocupados e cerca de 6,3 milh\u00f5es desocupados. O n\u00famero de pessoas \u00e0 procura de trabalho representa recuo de 17,4% (menos 1,3 milh\u00e3o de pessoas) ante o primeiro trimestre. J\u00e1 o n\u00famero de ocupados subiu 1,8% de um trimestre para o outro, o que significa 1,8 milh\u00e3o de pessoas a mais trabalhando no pa\u00eds.<\/p>\n<p>O contingente de pessoas com carteira assinada no setor privado atingiu 39 milh\u00f5es de pessoas, crescimento de 0,9% ante o primeiro trimestre do ano e o maior j\u00e1 registrado pelo IBGE. O n\u00famero de trabalhadores sem carteira tamb\u00e9m cresceu (+2,6%), chegando a 13,5 milh\u00f5es.<\/p>\n<h2 class=\"wp-block-heading\" id=\"h-pesquisa-atualizada\">Pesquisa atualizada<\/h2>\n<p>A Pnad divulgada nesta quinta-feira \u00e9 a primeira que apresenta pondera\u00e7\u00e3o com base em dados apurados pelo Censo 2022. A mudan\u00e7a consiste em um ajuste da amostra representativa de domic\u00edlios visitados pelos pesquisadores do IBGE. A atualiza\u00e7\u00e3o \u00e9 praxe de \u00f3rg\u00e3os de estat\u00edsticas em todo o mundo.<\/p>\n<\/div>\n<div>\n<p>A pesquisa do IBGE apura o comportamento no mercado de trabalho para pessoas com 14 anos ou mais e leva em conta todas as formas de ocupa\u00e7\u00e3o, seja emprego com ou sem carteira assinada, tempor\u00e1rio e por conta pr\u00f3pria, por exemplo. S\u00f3 \u00e9 considerada desocupada a pessoas que efetivamente procura emprego. S\u00e3o visitados 211 mil domic\u00edlios em todos os estados e no Distrito Federal.<\/p>\n<p>A taxa de informalidade \u2013 propor\u00e7\u00e3o de trabalhadores informais na popula\u00e7\u00e3o ocupada \u2013 foi de 37,8%. \u00c9 a menor registrada desde igual trimestre de 2020 (36,6%). O IBGE aponta como informais os trabalhadores sem carteira e os aut\u00f4nomos e empregadores sem CNPJ. Essas pessoas n\u00e3o t\u00eam garantidas coberturas como seguro-desemprego, f\u00e9rias e d\u00e9cimo-terceiro sal\u00e1rio.<\/p>\n<p>O contingente de desalentados, pessoas que sequer procuram emprego por avaliarem que n\u00e3o conseguir\u00e3o, fechou o segundo trimestre em 2,8 milh\u00f5es, menor n\u00edvel desde 2016.<\/p>\n<h2 class=\"wp-block-heading\" id=\"h-salarios\">Sal\u00e1rios<\/h2>\n<p>O mercado de trabalho aquecido pode ser sentido no bolso do trabalhador. O IBGE revelou que o rendimento m\u00e9dio mensal atingiu R$ 3.477, o maior j\u00e1 apurado. Esse valor fica 1,1% acima do recebido no primeiro trimestre do ano e 3,3% maior que o do segundo trimestre do ano passado.<\/p>\n<p>O maior n\u00famero de pessoas ocupadas e o recorde no rendimento fizeram com que a massa de rendimentos \u2013 o total de dinheiro que os trabalhadores recebem \u2013 tamb\u00e9m atingisse o ponto mais alto j\u00e1 alcan\u00e7ado, R$ 351,2 bilh\u00f5es. \u00c9 dinheiro que termina movimentando a economia, seja em forma de consumo ou poupan\u00e7a. Esse patamar supera em 5,9% (R$ 19,7 bilh\u00f5es) o montante do mesmo trimestre de 2024.<\/p>\n<\/p><\/div>\n<p><br \/>\n<br \/><a href=\"https:\/\/www.canalrural.com.br\/diversos\/brasil-registra-taxa-de-desemprego-de-58-segundo-ibge\/\">Source link <\/a><\/p>\n","protected":false},"excerpt":{"rendered":"<p>O Brasil atingiu no segundo trimestre do ano a taxa de desemprego de 5,8%. \u00c9 o menor patamar j\u00e1 registrado<\/p>\n","protected":false},"author":1,"featured_media":17783,"comment_status":"open","ping_status":"open","sticky":false,"template":"","format":"standard","meta":{"_monsterinsights_skip_tracking":false,"_monsterinsights_sitenote_active":false,"_monsterinsights_sitenote_note":"","_monsterinsights_sitenote_category":0,"_uf_show_specific_survey":0,"_uf_disable_surveys":false,"footnotes":""},"categories":[1],"tags":[],"class_list":["post-17782","post","type-post","status-publish","format-standard","has-post-thumbnail","hentry","category-news"],"_links":{"self":[{"href":"https:\/\/agromt.news\/index.php?rest_route=\/wp\/v2\/posts\/17782"}],"collection":[{"href":"https:\/\/agromt.news\/index.php?rest_route=\/wp\/v2\/posts"}],"about":[{"href":"https:\/\/agromt.news\/index.php?rest_route=\/wp\/v2\/types\/post"}],"author":[{"embeddable":true,"href":"https:\/\/agromt.news\/index.php?rest_route=\/wp\/v2\/users\/1"}],"replies":[{"embeddable":true,"href":"https:\/\/agromt.news\/index.php?rest_route=%2Fwp%2Fv2%2Fcomments&post=17782"}],"version-history":[{"count":0,"href":"https:\/\/agromt.news\/index.php?rest_route=\/wp\/v2\/posts\/17782\/revisions"}],"wp:featuredmedia":[{"embeddable":true,"href":"https:\/\/agromt.news\/index.php?rest_route=\/wp\/v2\/media\/17783"}],"wp:attachment":[{"href":"https:\/\/agromt.news\/index.php?rest_route=%2Fwp%2Fv2%2Fmedia&parent=17782"}],"wp:term":[{"taxonomy":"category","embeddable":true,"href":"https:\/\/agromt.news\/index.php?rest_route=%2Fwp%2Fv2%2Fcategories&post=17782"},{"taxonomy":"post_tag","embeddable":true,"href":"https:\/\/agromt.news\/index.php?rest_route=%2Fwp%2Fv2%2Ftags&post=17782"}],"curies":[{"name":"wp","href":"https:\/\/api.w.org\/{rel}","templated":true}]}}