{"id":17779,"date":"2025-07-31T10:31:15","date_gmt":"2025-07-31T14:31:15","guid":{"rendered":"https:\/\/agromt.news\/?p=17779"},"modified":"2025-07-31T10:31:15","modified_gmt":"2025-07-31T14:31:15","slug":"soja-volta-a-cair-na-bolsa-de-chicago-nesta-3a-feira-com-mercado","status":"publish","type":"post","link":"https:\/\/agromt.news\/?p=17779","title":{"rendered":"Soja volta a cair na Bolsa de Chicago nesta 3\u00aa feira, com mercado&#8230;"},"content":{"rendered":"<p> <br \/>\n<\/p>\n<div>\n<p>Nova safra americana em andamento e China ausente do mercado nos EUA pesam sobre as cota\u00e7\u00f5es<\/p>\n<div class=\"materia\">\n<p><img decoding=\"async\" alt=\"Logotipo Not&#xED;cias Agr&#xED;colas\" height=\"21\" src=\"https:\/\/cdn.noticiasagricolas.com.br\/dbimagens\/e12363a00741f9cc7caf23469101a4aa.png\" width=\"106\"\/><\/p>\n<p>Os pre\u00e7os da soja voltam a cair na Bolsa de Chicago nesta ter\u00e7a-feira (1), depois do fechamento misto da sess\u00e3o anterior, em que o mercado foi impactado por uma s\u00e9rie de novos n\u00fameros do USDA (Departamento de Agricultura dos Estados Unidos).\u00a0<\/p>\n<p>Assim, por volta de 7h30 (hor\u00e1rio de Bras\u00edlia), as baixas variavam de 7 e 8,75 pontos nos principais vencimentos, levando o julho a US$ 10,15 e o novembro a US$ 10,19 por bushel. Os pre\u00e7os do farelo tamb\u00e9m cediam e recuavam mais de 0,5%. Na contram\u00e3o, o \u00f3leo operava em alta.\u00a0<\/p>\n<p>O mercado, passados os novos boletins do USDA que pouco mudaram seus dados, se volta novamente aos seus fundamentos, como a nova safra americana em andamento &#8211; e sem grandes amea\u00e7as &#8211; e a China ainda ausente das compras nos EUA, ambos pesando sobre as cota\u00e7\u00f5es.<\/p>\n<p>De outro lado, os traders tamb\u00e9m observam como ser\u00e1 o ritmo da comercializa\u00e7\u00e3o na Argentina depois da volta dos valores originais das retenciones &#8211; acontecendo neste 1\u00ba de julho &#8211; e tamb\u00e9m no Brasil.<\/p>\n<p>O quadro macroecon\u00f4mico e o cen\u00e1rio geopol\u00edtico tamb\u00e9m permanecem no radar.\u00a0<\/p>\n<p><strong>Veja como fechou o mercado nesta segunda-feira:<\/strong><\/p>\n<\/p><\/div>\n<div class=\"grupo-whatsapp\">\n      J\u00e1 segue nosso Canal oficial no WhatsApp? <a href=\"https:\/\/bit.ly\/Canal_NA\" target=\"_blank\" rel=\"noopener\"><strong>Clique Aqui<\/strong><\/a> para receber em primeira m\u00e3o as principais not\u00edcias do agroneg\u00f3cio\n    <\/div>\n<div class=\"autor\">\n<p>Por:<\/p>\n<p><span> Carla Mendes | Instagram @jornalistacarlamendes<\/span>\n      <\/div>\n<div class=\"fonte\">\n<p>Fonte:<\/p>\n<p>                  <span>Not\u00edcias Agr\u00edcolas<\/span>\n              <\/div>\n<\/p><\/div>\n<p><script async defer src=\"https:\/\/connect.facebook.net\/en_US\/sdk.js\"><\/script><script>\n  !function(f,b,e,v,n,t,s)\n  {if(f.fbq)return;n=f.fbq=function(){n.callMethod?\n    n.callMethod.apply(n,arguments):n.queue.push(arguments)};\n    if(!f._fbq)f._fbq=n;n.push=n;n.loaded=!0;n.version='2.0';\n    n.queue=[];t=b.createElement(e);t.async=!0;\n    t.src=v;s=b.getElementsByTagName(e)[0];\n    s.parentNode.insertBefore(t,s)}(window, document,'script',\n    'https:\/\/connect.facebook.net\/en_US\/fbevents.js');\n  fbq('init', '153495679422335');\n  fbq('track', 'PageView');\n<\/script><br \/>\n<br \/><br \/>\n<br \/><a href=\"https:\/\/www.noticiasagricolas.com.br\/noticias\/soja\/403239-soja-volta-a-cair-na-bolsa-de-chicago-nesta-3-feira-com-mercado-pressionado-pelos-fundamentos.html\">Source link <\/a><\/p>\n","protected":false},"excerpt":{"rendered":"<p>Nova safra americana em andamento e China ausente do mercado nos EUA pesam sobre as cota\u00e7\u00f5es Os pre\u00e7os da soja<\/p>\n","protected":false},"author":1,"featured_media":17780,"comment_status":"open","ping_status":"open","sticky":false,"template":"","format":"standard","meta":{"_monsterinsights_skip_tracking":false,"_monsterinsights_sitenote_active":false,"_monsterinsights_sitenote_note":"","_monsterinsights_sitenote_category":0,"_uf_show_specific_survey":0,"_uf_disable_surveys":false,"footnotes":""},"categories":[8,1,14,16],"tags":[],"class_list":["post-17779","post","type-post","status-publish","format-standard","has-post-thumbnail","hentry","category-agro","category-news","category-politica-agro","category-safra"],"_links":{"self":[{"href":"https:\/\/agromt.news\/index.php?rest_route=\/wp\/v2\/posts\/17779"}],"collection":[{"href":"https:\/\/agromt.news\/index.php?rest_route=\/wp\/v2\/posts"}],"about":[{"href":"https:\/\/agromt.news\/index.php?rest_route=\/wp\/v2\/types\/post"}],"author":[{"embeddable":true,"href":"https:\/\/agromt.news\/index.php?rest_route=\/wp\/v2\/users\/1"}],"replies":[{"embeddable":true,"href":"https:\/\/agromt.news\/index.php?rest_route=%2Fwp%2Fv2%2Fcomments&post=17779"}],"version-history":[{"count":0,"href":"https:\/\/agromt.news\/index.php?rest_route=\/wp\/v2\/posts\/17779\/revisions"}],"wp:featuredmedia":[{"embeddable":true,"href":"https:\/\/agromt.news\/index.php?rest_route=\/wp\/v2\/media\/17780"}],"wp:attachment":[{"href":"https:\/\/agromt.news\/index.php?rest_route=%2Fwp%2Fv2%2Fmedia&parent=17779"}],"wp:term":[{"taxonomy":"category","embeddable":true,"href":"https:\/\/agromt.news\/index.php?rest_route=%2Fwp%2Fv2%2Fcategories&post=17779"},{"taxonomy":"post_tag","embeddable":true,"href":"https:\/\/agromt.news\/index.php?rest_route=%2Fwp%2Fv2%2Ftags&post=17779"}],"curies":[{"name":"wp","href":"https:\/\/api.w.org\/{rel}","templated":true}]}}