{"id":17777,"date":"2025-07-31T10:27:02","date_gmt":"2025-07-31T14:27:02","guid":{"rendered":"https:\/\/agromt.news\/?p=17777"},"modified":"2025-07-31T10:27:02","modified_gmt":"2025-07-31T14:27:02","slug":"embraer-fica-livre-de-tarifaco-e-defende-tarifa-zero-para-setor","status":"publish","type":"post","link":"https:\/\/agromt.news\/?p=17777","title":{"rendered":"Embraer fica livre de tarifa\u00e7o e defende tarifa zero para setor"},"content":{"rendered":"<p> <br \/>\n<br \/><img decoding=\"async\" src=\"https:\/\/agromt.news\/wp-content\/uploads\/2025\/07\/Embraer-fica-livre-de-tarifaco-e-defende-tarifa-zero-para.jpg\" \/><\/p>\n<div>\n<p>A Embraer ficou livre da taxa\u00e7\u00e3o de 50% imposta pelos Estados Unidos a produtos brasileiros. Aeronaves, motores, pe\u00e7as e componentes de avia\u00e7\u00e3o aparecem na lista de cerca de 700 produtos considerados exce\u00e7\u00f5es.<\/p>\n<p>Para a empresa, terceira maior fabricante de aeronaves do mundo, a libera\u00e7\u00e3o \u00e9 o reconhecimento da import\u00e2ncia estrat\u00e9gica das atividades da empresa para Brasil e Estados Unidos.<\/p>\n<p>\u201cContinuamos acreditando e defendendo firmemente o retorno \u00e0 regra de tarifa zero para a ind\u00fastria aeroespacial global\u201d, afirma a nota da Embraer.<\/p>\n<p>\u201cMais importante ainda, apoiamos o di\u00e1logo cont\u00ednuo entre os governos brasileiro e norte-americano e permanecemos confiantes em um resultado positivo para os dois pa\u00edses\u201d, complementa.<\/p>\n<\/div>\n<div>\n<p>Na semana passada, a empresa informou que o tarifa\u00e7o de 50% elevaria o pre\u00e7o de cada avi\u00e3o vendido aos EUA em cerca de R$ 50 milh\u00f5es, o que acabaria por inviabilizar a venda. Considerando o per\u00edodo at\u00e9 2030, o impacto poderia chegar a R$ 20 bilh\u00f5es em tarifas.<\/p>\n<p>Em nota publicada, no in\u00edcio da noite, a <a href=\"https:\/\/www.canalrural.com.br\/economia\/exportacoes-brasileiras-isentas-de-tarifa-somam-434-das-vendas-aos-eua\/\">C\u00e2mara Americana de Com\u00e9rcio para o Brasil \u2013 Amcham Brasil calcula que os 694 produtos exclu\u00eddos da Ordem Executiva representam US$ 18,4 bilh\u00f5es em exporta\u00e7\u00f5es brasileiras no \u00faltimo per\u00edodo apurado (2024)<\/a>. O valor corresponde a 43,4% do total de US$ 42,3 bilh\u00f5es exportados pelo Brasil para os EUA, de acordo com a an\u00e1lise da entidade.<\/p>\n<p>Somente o setor de aeronaves vendeu US$ 2 bilh\u00f5es no ano passado, sendo metade somente em aeronaves leves, principal produto da Embraer. Apenas o setor de combust\u00edveis exporta mais, com US$ 18,4 bilh\u00f5es em vendas em 2024.<\/p>\n<p>Desde o dia 2 de abril, os produtos da Embraer est\u00e3o taxados em 10%, o que permanecer\u00e1 em agosto. Com a inclus\u00e3o de aeronaves na lista de exce\u00e7\u00f5es, as a\u00e7\u00f5es da Embraer valorizaram 10,93% na quarta-feira (30).<\/p>\n<\/p><\/div>\n<p><br \/>\n<br \/><a href=\"https:\/\/www.canalrural.com.br\/economia\/embraer-fica-livre-de-tarifaco-e-defende-tarifa-zero-para-setor\/\">Source link <\/a><\/p>\n","protected":false},"excerpt":{"rendered":"<p>A Embraer ficou livre da taxa\u00e7\u00e3o de 50% imposta pelos Estados Unidos a produtos brasileiros. Aeronaves, motores, pe\u00e7as e componentes<\/p>\n","protected":false},"author":1,"featured_media":17778,"comment_status":"open","ping_status":"open","sticky":false,"template":"","format":"standard","meta":{"_monsterinsights_skip_tracking":false,"_monsterinsights_sitenote_active":false,"_monsterinsights_sitenote_note":"","_monsterinsights_sitenote_category":0,"_uf_show_specific_survey":0,"_uf_disable_surveys":false,"footnotes":""},"categories":[1],"tags":[],"class_list":["post-17777","post","type-post","status-publish","format-standard","has-post-thumbnail","hentry","category-news"],"_links":{"self":[{"href":"https:\/\/agromt.news\/index.php?rest_route=\/wp\/v2\/posts\/17777"}],"collection":[{"href":"https:\/\/agromt.news\/index.php?rest_route=\/wp\/v2\/posts"}],"about":[{"href":"https:\/\/agromt.news\/index.php?rest_route=\/wp\/v2\/types\/post"}],"author":[{"embeddable":true,"href":"https:\/\/agromt.news\/index.php?rest_route=\/wp\/v2\/users\/1"}],"replies":[{"embeddable":true,"href":"https:\/\/agromt.news\/index.php?rest_route=%2Fwp%2Fv2%2Fcomments&post=17777"}],"version-history":[{"count":0,"href":"https:\/\/agromt.news\/index.php?rest_route=\/wp\/v2\/posts\/17777\/revisions"}],"wp:featuredmedia":[{"embeddable":true,"href":"https:\/\/agromt.news\/index.php?rest_route=\/wp\/v2\/media\/17778"}],"wp:attachment":[{"href":"https:\/\/agromt.news\/index.php?rest_route=%2Fwp%2Fv2%2Fmedia&parent=17777"}],"wp:term":[{"taxonomy":"category","embeddable":true,"href":"https:\/\/agromt.news\/index.php?rest_route=%2Fwp%2Fv2%2Fcategories&post=17777"},{"taxonomy":"post_tag","embeddable":true,"href":"https:\/\/agromt.news\/index.php?rest_route=%2Fwp%2Fv2%2Ftags&post=17777"}],"curies":[{"name":"wp","href":"https:\/\/api.w.org\/{rel}","templated":true}]}}