{"id":17774,"date":"2025-07-31T09:51:52","date_gmt":"2025-07-31T13:51:52","guid":{"rendered":"https:\/\/agromt.news\/?p=17774"},"modified":"2025-07-31T09:51:52","modified_gmt":"2025-07-31T13:51:52","slug":"carne-suina-perde-competitividade-frente-as-concorrentes","status":"publish","type":"post","link":"https:\/\/agromt.news\/?p=17774","title":{"rendered":"Carne su\u00edna perde competitividade frente \u00e0s concorrentes"},"content":{"rendered":"<p> <br \/>\n<br \/><img decoding=\"async\" src=\"https:\/\/agromt.news\/wp-content\/uploads\/2025\/07\/Carne-suina-perde-competitividade-frente-as-concorrentes.jpg\" \/><\/p>\n<div>\n<p>A carne su\u00edna perdeu competitividade frente \u00e0s principais substitutas (bovina e de frango) em julho. \u00c9 isso o que apontam os levantamentos do <a href=\"https:\/\/www.canalrural.com.br\/tag\/cepea\/\">Centro de Estudos Avan\u00e7ados em Economia Aplicada (Cepea).\u00a0<\/a><\/p>\n<p>De acordo com os pesquisadores, este cen\u00e1rio foi motivado pelas quedas pouco acentuadas nas cota\u00e7\u00f5es da carca\u00e7a especial su\u00edna.\u00a0<\/p>\n<p>Ao mesmo tempo, as baixas verificadas para a carca\u00e7a casada bovina e o frango resfriado no atacado da Grande S\u00e3o Paulo foram mais intensas no comparativo com o m\u00eas de junho.<\/p>\n<\/div>\n<div>\n<p>No mercado dom\u00e9stico de carne su\u00edna, ainda conforme o centro de pesquisas, os recuos nas cota\u00e7\u00f5es do animal vivo n\u00e3o foram suficientes para impulsionar a demanda pelos cortes.<\/p>\n<p>Al\u00e9m disso, com o per\u00edodo de final de m\u00eas e o menor poder de compra da popula\u00e7\u00e3o, o ritmo dos neg\u00f3cios permanece lento.<\/p>\n<p><em>*Sob supervis\u00e3o de Luis Roberto Toledo<\/em><\/p>\n<\/p><\/div>\n<p><br \/>\n<br \/><a href=\"https:\/\/www.canalrural.com.br\/aves-e-suinos\/carne-suina-perde-competitividade-frente-as-concorrentes\/\">Source link <\/a><\/p>\n","protected":false},"excerpt":{"rendered":"<p>A carne su\u00edna perdeu competitividade frente \u00e0s principais substitutas (bovina e de frango) em julho. \u00c9 isso o que apontam<\/p>\n","protected":false},"author":1,"featured_media":17775,"comment_status":"open","ping_status":"open","sticky":false,"template":"","format":"standard","meta":{"_monsterinsights_skip_tracking":false,"_monsterinsights_sitenote_active":false,"_monsterinsights_sitenote_note":"","_monsterinsights_sitenote_category":0,"_uf_show_specific_survey":0,"_uf_disable_surveys":false,"footnotes":""},"categories":[1],"tags":[],"class_list":["post-17774","post","type-post","status-publish","format-standard","has-post-thumbnail","hentry","category-news"],"_links":{"self":[{"href":"https:\/\/agromt.news\/index.php?rest_route=\/wp\/v2\/posts\/17774"}],"collection":[{"href":"https:\/\/agromt.news\/index.php?rest_route=\/wp\/v2\/posts"}],"about":[{"href":"https:\/\/agromt.news\/index.php?rest_route=\/wp\/v2\/types\/post"}],"author":[{"embeddable":true,"href":"https:\/\/agromt.news\/index.php?rest_route=\/wp\/v2\/users\/1"}],"replies":[{"embeddable":true,"href":"https:\/\/agromt.news\/index.php?rest_route=%2Fwp%2Fv2%2Fcomments&post=17774"}],"version-history":[{"count":0,"href":"https:\/\/agromt.news\/index.php?rest_route=\/wp\/v2\/posts\/17774\/revisions"}],"wp:featuredmedia":[{"embeddable":true,"href":"https:\/\/agromt.news\/index.php?rest_route=\/wp\/v2\/media\/17775"}],"wp:attachment":[{"href":"https:\/\/agromt.news\/index.php?rest_route=%2Fwp%2Fv2%2Fmedia&parent=17774"}],"wp:term":[{"taxonomy":"category","embeddable":true,"href":"https:\/\/agromt.news\/index.php?rest_route=%2Fwp%2Fv2%2Fcategories&post=17774"},{"taxonomy":"post_tag","embeddable":true,"href":"https:\/\/agromt.news\/index.php?rest_route=%2Fwp%2Fv2%2Ftags&post=17774"}],"curies":[{"name":"wp","href":"https:\/\/api.w.org\/{rel}","templated":true}]}}