{"id":17772,"date":"2025-07-31T09:36:03","date_gmt":"2025-07-31T13:36:03","guid":{"rendered":"https:\/\/agromt.news\/?p=17772"},"modified":"2025-07-31T09:36:03","modified_gmt":"2025-07-31T13:36:03","slug":"com-tarifaco-exportadores-de-carne-bovina-dizem-que-carga-tributaria-ultrapassara-76","status":"publish","type":"post","link":"https:\/\/agromt.news\/?p=17772","title":{"rendered":"Com tarifa\u00e7o, exportadores de carne bovina dizem que carga tribut\u00e1ria ultrapassar\u00e1 76%"},"content":{"rendered":"<p> <br \/>\n<br \/><img decoding=\"async\" src=\"https:\/\/agromt.news\/wp-content\/uploads\/2025\/07\/Com-tarifaco-exportadores-de-carne-bovina-dizem-que-carga-tributaria.jpg\" \/><\/p>\n<div>\n<p>Ap\u00f3s a <a href=\"https:\/\/www.canalrural.com.br\/economia\/trump-assina-decreto-que-eleva-tarifas-de-exportacao-do-brasil-para-50\/\">assinatura da Ordem Executiva por Donald Trump, que estabeleceu a taxa\u00e7\u00e3o de 50% sobre as exporta\u00e7\u00f5es brasileiras<\/a>, a Associa\u00e7\u00e3o Brasileira das Ind\u00fastrias Exportadoras de Carnes (Abiec) divulgou nota dizendo que somada \u00e0 al\u00edquota atual de 26,4%, a carga tribut\u00e1ria total ultrapassaria 76%, comprometendo a viabilidade econ\u00f4mica das exporta\u00e7\u00f5es ao mercado norte-americano.<\/p>\n<p>De acordo com a entidade, os EUA que importou 229 mil toneladas em 2024 e para 2025, a previs\u00e3o era atingir 400 mil toneladas. A carne bovina ficou de fora da lista de produtos isentos da tarifa extra.<\/p>\n<\/div>\n<div>\n<p>Ainda de acordo com a nota, a Abiec mant\u00e9m di\u00e1logo com os importadores norte-americanos e conversa com o governo federal em busca de uma solu\u00e7\u00e3o para o impasse. A taxa come\u00e7a a vigorar a partir do dia 6 de agosto, de acordo com decreto assinado pelos presidente dos Estados Unidos. <\/p>\n<p>\u201cA entidade est\u00e1 em di\u00e1logo com os importadores norte-americanos e colabora com o governo federal na busca de uma solu\u00e7\u00e3o negociada. Refor\u00e7a a import\u00e2ncia de preservar o fluxo comercial com os EUA, que enfrentam atualmente <a href=\"https:\/\/www.canalrural.com.br\/pecuaria\/alta-no-consumo-de-carne-bovina-torna-os-eua-dependente-de-importacoes\/\">o menor ciclo pecu\u00e1rio dos \u00faltimos 80 anos<\/a>. Tamb\u00e9m destaca a atua\u00e7\u00e3o conjunta do esfor\u00e7o do Minist\u00e9rio da Agricultura e Pecu\u00e1ria na abertura de novos mercados e do Minist\u00e9rio do Desenvolvimento, Ind\u00fastria, Com\u00e9rcio e Servi\u00e7os (MDIC) e do Minist\u00e9rio das Rela\u00e7\u00f5es Exteriores (Itamaraty) nas articula\u00e7\u00f5es diplom\u00e1ticas e comerciais\u201d, diz trecho da nota.<\/p>\n<\/p><\/div>\n<p><br \/>\n<br \/><a href=\"https:\/\/www.canalrural.com.br\/diversos\/com-tarifaco-exportadores-de-carne-bovina-dizem-que-carga-tributaria-ultrapassara-76\/\">Source link <\/a><\/p>\n","protected":false},"excerpt":{"rendered":"<p>Ap\u00f3s a assinatura da Ordem Executiva por Donald Trump, que estabeleceu a taxa\u00e7\u00e3o de 50% sobre as exporta\u00e7\u00f5es brasileiras, a<\/p>\n","protected":false},"author":1,"featured_media":17773,"comment_status":"open","ping_status":"open","sticky":false,"template":"","format":"standard","meta":{"_monsterinsights_skip_tracking":false,"_monsterinsights_sitenote_active":false,"_monsterinsights_sitenote_note":"","_monsterinsights_sitenote_category":0,"_uf_show_specific_survey":0,"_uf_disable_surveys":false,"footnotes":""},"categories":[1],"tags":[],"class_list":["post-17772","post","type-post","status-publish","format-standard","has-post-thumbnail","hentry","category-news"],"_links":{"self":[{"href":"https:\/\/agromt.news\/index.php?rest_route=\/wp\/v2\/posts\/17772"}],"collection":[{"href":"https:\/\/agromt.news\/index.php?rest_route=\/wp\/v2\/posts"}],"about":[{"href":"https:\/\/agromt.news\/index.php?rest_route=\/wp\/v2\/types\/post"}],"author":[{"embeddable":true,"href":"https:\/\/agromt.news\/index.php?rest_route=\/wp\/v2\/users\/1"}],"replies":[{"embeddable":true,"href":"https:\/\/agromt.news\/index.php?rest_route=%2Fwp%2Fv2%2Fcomments&post=17772"}],"version-history":[{"count":0,"href":"https:\/\/agromt.news\/index.php?rest_route=\/wp\/v2\/posts\/17772\/revisions"}],"wp:featuredmedia":[{"embeddable":true,"href":"https:\/\/agromt.news\/index.php?rest_route=\/wp\/v2\/media\/17773"}],"wp:attachment":[{"href":"https:\/\/agromt.news\/index.php?rest_route=%2Fwp%2Fv2%2Fmedia&parent=17772"}],"wp:term":[{"taxonomy":"category","embeddable":true,"href":"https:\/\/agromt.news\/index.php?rest_route=%2Fwp%2Fv2%2Fcategories&post=17772"},{"taxonomy":"post_tag","embeddable":true,"href":"https:\/\/agromt.news\/index.php?rest_route=%2Fwp%2Fv2%2Ftags&post=17772"}],"curies":[{"name":"wp","href":"https:\/\/api.w.org\/{rel}","templated":true}]}}