{"id":17770,"date":"2025-07-31T08:51:23","date_gmt":"2025-07-31T12:51:23","guid":{"rendered":"https:\/\/agromt.news\/?p=17770"},"modified":"2025-07-31T08:51:23","modified_gmt":"2025-07-31T12:51:23","slug":"maioria-das-empresas-e-contra-retaliacao-aos-eua-por-causa-de-tarifaco","status":"publish","type":"post","link":"https:\/\/agromt.news\/?p=17770","title":{"rendered":"Maioria das empresas \u00e9 contra retalia\u00e7\u00e3o aos EUA por causa de tarifa\u00e7o"},"content":{"rendered":"<p> <br \/>\n<br \/><img decoding=\"async\" src=\"https:\/\/agromt.news\/wp-content\/uploads\/2025\/07\/Antes-do-tarifaco-agro-baiano-exportou-R-302-milhoes-aos.jpg\" \/><\/p>\n<div>\n<p>A maioria das empresas brasileiras e multinacionais considera que o Brasil n\u00e3o deve retaliar deve evitar os Estados Unidos pela implementa\u00e7\u00e3o das tarifas de 50% , segundo dados do levantamento realizado pela Amcham Brasil com 162 companhias.<\/p>\n<p>De acordo com a pesquisas, 88% defendem que o melhor caminho \u00e9 negociar, sem recorrer a medidas de reciprocidade; 86% avaliam que uma retalia\u00e7\u00e3o imediata agravaria tens\u00f5es e reduziria o espa\u00e7o para di\u00e1logo e a penas 10% apoiam medidas imediatas de reciprocidade.<\/p>\n<p>O estudo mostra ainda que, entre as empresas exportadoras, 59% preveem interrup\u00e7\u00e3o total ou queda acentuada nas vendas aos EUA com a entrada em vigor da sobretaxa, amea\u00e7ando setores estrat\u00e9gicos do com\u00e9rcio bilateral.<\/p>\n<p>A pesquisa foi conduzida entre 24 e 30 de julho de 2025, antes da publica\u00e7\u00e3o da ordem executiva americana. A Amcham calculou que a lista de exce\u00e7\u00f5es divulgada em 30 de julho contempla 694 produtos, representando US$ 18,4 bilh\u00f5es em exporta\u00e7\u00f5es brasileiras no \u00faltimo per\u00edodo apurado (2024). O valor corresponde <a href=\"https:\/\/www.canalrural.com.br\/economia\/exportacoes-brasileiras-isentas-de-tarifa-somam-434-das-vendas-aos-eua\/\">a 43,4% do total de US$ 42,3 bilh\u00f5es exportados pelo Brasil para os EUA<\/a>.<\/p>\n<\/div>\n<div>\n<ul class=\"wp-block-list\">\n<li>Agravamento das tens\u00f5es com os EUA e redu\u00e7\u00e3o do espa\u00e7o para negocia\u00e7\u00e3o (86%);<\/li>\n<li>Impactos em setores brasileiros dependentes de insumos, tecnologias ou equipamentos dos EUA (71%);<\/li>\n<li>Preju\u00edzo \u00e0 imagem do Brasil como destino de investimentos (50%);<\/li>\n<li>Aumento da inseguran\u00e7a jur\u00eddica no ambiente de neg\u00f3cios (45%).<\/li>\n<li>Al\u00e9m dos efeitos diretos sobre as exporta\u00e7\u00f5es, a pesquisa sugere outros impactos relevantes:<\/li>\n<li>52% apontam riscos \u00e0 cadeia de fornecedores no Brasil;<\/li>\n<li>52% indicam perda de competitividade frente a concorrentes internacionais;<\/li>\n<li>46% consideram rever investimentos planejados ou em curso no Brasil;<\/li>\n<li>43% mencionam realoca\u00e7\u00e3o de projetos globais;<\/li>\n<li>41% preveem redu\u00e7\u00e3o de quadro de colaboradores e diminui\u00e7\u00e3o da atratividade do pa\u00eds para novos investimentos;<\/li>\n<li>18% percebem risco de dano reputacional para empresas americanas com opera\u00e7\u00e3o no Brasil;<\/li>\n<li>13% n\u00e3o descartam paralisa\u00e7\u00e3o de atividades no pa\u00eds.<\/li>\n<\/ul>\n<p>Segundo Abr\u00e3o Neto, presidente da Amcham Brasil: \u201cOs resultados da pesquisa revelam com nitidez os potenciais impactos que tarifas mais altas representam para os neg\u00f3cios \u2013 desde a interrup\u00e7\u00e3o de exporta\u00e7\u00f5es at\u00e9 o redirecionamento de investimentos globais. \u00c9 fundamental intensificar a busca por uma solu\u00e7\u00e3o que preserve os ganhos econ\u00f4micos e sociais da rela\u00e7\u00e3o entre Brasil e Estados Unidos.\u201d<\/p>\n<p>O levantamento mostra tamb\u00e9m que 52% das empresas monitoram a situa\u00e7\u00e3o sem a\u00e7\u00f5es definidas, enquanto 54% atuam por meio de associa\u00e7\u00f5es empresariais. H\u00e1 mobiliza\u00e7\u00f5es pontuais: 25% engajam parceiros e clientes nos EUA, e 16% dialogam diretamente com autoridades brasileiras.<\/p>\n<\/p><\/div>\n<p><br \/>\n<br \/><a href=\"https:\/\/www.canalrural.com.br\/economia\/maioria-das-empresas-e-contra-retaliacao-aos-eua-por-causa-de-tarifaco\/\">Source link <\/a><\/p>\n","protected":false},"excerpt":{"rendered":"<p>A maioria das empresas brasileiras e multinacionais considera que o Brasil n\u00e3o deve retaliar deve evitar os Estados Unidos pela<\/p>\n","protected":false},"author":1,"featured_media":17742,"comment_status":"open","ping_status":"open","sticky":false,"template":"","format":"standard","meta":{"_monsterinsights_skip_tracking":false,"_monsterinsights_sitenote_active":false,"_monsterinsights_sitenote_note":"","_monsterinsights_sitenote_category":0,"_uf_show_specific_survey":0,"_uf_disable_surveys":false,"footnotes":""},"categories":[1],"tags":[],"class_list":["post-17770","post","type-post","status-publish","format-standard","has-post-thumbnail","hentry","category-news"],"_links":{"self":[{"href":"https:\/\/agromt.news\/index.php?rest_route=\/wp\/v2\/posts\/17770"}],"collection":[{"href":"https:\/\/agromt.news\/index.php?rest_route=\/wp\/v2\/posts"}],"about":[{"href":"https:\/\/agromt.news\/index.php?rest_route=\/wp\/v2\/types\/post"}],"author":[{"embeddable":true,"href":"https:\/\/agromt.news\/index.php?rest_route=\/wp\/v2\/users\/1"}],"replies":[{"embeddable":true,"href":"https:\/\/agromt.news\/index.php?rest_route=%2Fwp%2Fv2%2Fcomments&post=17770"}],"version-history":[{"count":0,"href":"https:\/\/agromt.news\/index.php?rest_route=\/wp\/v2\/posts\/17770\/revisions"}],"wp:featuredmedia":[{"embeddable":true,"href":"https:\/\/agromt.news\/index.php?rest_route=\/wp\/v2\/media\/17742"}],"wp:attachment":[{"href":"https:\/\/agromt.news\/index.php?rest_route=%2Fwp%2Fv2%2Fmedia&parent=17770"}],"wp:term":[{"taxonomy":"category","embeddable":true,"href":"https:\/\/agromt.news\/index.php?rest_route=%2Fwp%2Fv2%2Fcategories&post=17770"},{"taxonomy":"post_tag","embeddable":true,"href":"https:\/\/agromt.news\/index.php?rest_route=%2Fwp%2Fv2%2Ftags&post=17770"}],"curies":[{"name":"wp","href":"https:\/\/api.w.org\/{rel}","templated":true}]}}