{"id":17769,"date":"2025-07-31T08:37:44","date_gmt":"2025-07-31T12:37:44","guid":{"rendered":"https:\/\/agromt.news\/?p=17769"},"modified":"2025-07-31T08:37:44","modified_gmt":"2025-07-31T12:37:44","slug":"trump-usa-o-brasil-para-mostrar-forca","status":"publish","type":"post","link":"https:\/\/agromt.news\/?p=17769","title":{"rendered":"Trump usa o Brasil para mostrar for\u00e7a"},"content":{"rendered":"<p> <br \/>\n<\/p>\n<div>\n<p>Make America Great Again\u201d, \u00e0s custas de quem?<\/p>\n<p>O projeto pol\u00edtico \u201cMake America Great Again\u201d, retomado com for\u00e7a por Donald Trump, parte da premissa de que os interesses dos Estados Unidos est\u00e3o acima de qualquer regra multilateral, tratado diplom\u00e1tico ou respeito entre na\u00e7\u00f5es soberanas.<\/p>\n<p>A diferen\u00e7a, agora, \u00e9 que essa vis\u00e3o deixou de ser apenas um discurso e passou a se traduzir em a\u00e7\u00f5es de for\u00e7a e humilha\u00e7\u00e3o p\u00fablica contra pa\u00edses que ousam contrariar Washington. E o Brasil, nesta nova etapa, parece ter sido o escolhido para servir de exemplo.<\/p>\n<p>Ao sancionar um ministro do Supremo Tribunal Federal e impor tarifas estranguladoras ao agro nacional, os EUA sinalizam ao mundo: \u201cquem n\u00e3o se submeter, ser\u00e1 punido\u201d.<\/p>\n<h2 class=\"wp-block-heading\" id=\"h-por-que-o-brasil\">Por que o Brasil?<\/h2>\n<ul class=\"wp-block-list\">\n<li>\u00c9 economicamente relevante, mas politicamente vulner\u00e1vel;<\/li>\n<li>Tem depend\u00eancia comercial dos EUA em alguns setores<\/li>\n<li>Possui um governo fragilizado e polarizado, sem capacidade de resposta institucional firme.<\/li>\n<\/ul>\n<p>Portanto, o pa\u00eds serve como \u201calvo estrat\u00e9gico\u201d: grande o suficiente para causar impacto, fraco o bastante para n\u00e3o retaliar.<\/p>\n<p>Esse abuso, travestido de defesa comercial ou moralismo jur\u00eddico, visa intimidar outros pa\u00edses e coibir qualquer desvio dos \u201ccaprichos\u201d da pol\u00edtica americana atual. Ao tentar se impor pela for\u00e7a, os EUA arriscam criar um efeito colateral perigoso: estimular a forma\u00e7\u00e3o de alian\u00e7as contr\u00e1rias \u00e0 sua hegemonia.<\/p>\n<p>O mundo j\u00e1 come\u00e7a a se reorganizar:<\/p>\n<ul class=\"wp-block-list\">\n<li>Pa\u00edses do BRICS buscam sistemas financeiros alternativos, como o uso da UnionPay ou moedas locais para o com\u00e9rcio;<\/li>\n<li>Novos blocos comerciais surgem com China, R\u00fassia, \u00cdndia e pa\u00edses do Sul Global se aproximando;<\/li>\n<li>H\u00e1 um movimento crescente de rejei\u00e7\u00e3o \u00e0 intromiss\u00e3o pol\u00edtica dos EUA, visto como neocolonialismo.<\/li>\n<\/ul>\n<p>O \u201cMAGA\u201d pode se transformar em um projeto amargo, pois a tentativa de \u201ctornar os EUA grandes\u201d tem provocado desgaste internacional e fomentar um novo ciclo de polariza\u00e7\u00e3o global e isolamento americano.<\/p>\n<\/div>\n<div>\n<p>O setor agropecu\u00e1rio brasileiro, respons\u00e1vel por mais de 25% do PIB nacional, \u00e9 duplamente afetado:<\/p>\n<ul class=\"wp-block-list\">\n<li>Pelo impacto direto das tarifas, que tornam nossos produtos menos competitivos;<\/li>\n<li>Pela instabilidade institucional que afasta investimentos e parcerias internacionais.<\/li>\n<\/ul>\n<p>Ao atacar o Brasil, os EUA colocam em risco cadeias de fornecimento globais e for\u00e7am o pa\u00eds a repensar sua depend\u00eancia de mercados unilaterais.<\/p>\n<h2 class=\"wp-block-heading\" id=\"h-cegueira-coletiva-quando-o-povo-ignora-o-ataque\">Cegueira coletiva: quando o povo ignora o ataque<\/h2>\n<p>Do ponto de vista sociol\u00f3gico e antropol\u00f3gico, a resposta da sociedade brasileira tem sido marcada por um fen\u00f4meno perigoso: a naturaliza\u00e7\u00e3o da submiss\u00e3o. Em vez de rea\u00e7\u00e3o, v\u00ea-se:<\/p>\n<ul class=\"wp-block-list\">\n<li>Torcida ideol\u00f3gica, como se san\u00e7\u00f5es fossem apenas parte da guerra pol\u00edtica entre direita e esquerda;<\/li>\n<li>Colonialismo mental, com brasileiros aplaudindo puni\u00e7\u00f5es externas ao seu pr\u00f3prio pa\u00eds;<\/li>\n<li>Cegueira volunt\u00e1ria, com parte da popula\u00e7\u00e3o incapaz de conectar tarifas e san\u00e7\u00f5es \u00e0 eros\u00e3o da soberania.<\/li>\n<\/ul>\n<p>Essa apatia \u00e9 sintoma de um povo que perdeu a capacidade de pensar o Estado como patrim\u00f4nio coletivo, e passou a agir como torcida organizada, ignorando os impactos reais no seu dia a dia, no emprego, no alimento, no campo.<\/p>\n<h2 class=\"wp-block-heading\" id=\"h-conclusao-o-brasil-precisa-acordar\">Conclus\u00e3o: o Brasil precisa acordar!!<\/h2>\n<p>O que est\u00e1 em curso n\u00e3o \u00e9 apenas uma crise comercial ou jur\u00eddica. \u00c9 uma tentativa coordenada de rebaixar o Brasil na hierarquia internacional, de pot\u00eancia regional a pa\u00eds submisso, sem poder de rea\u00e7\u00e3o. E \u00e9 preciso dizer com clareza: o governo Lula tem parte de responsabilidade direta na escalada dessa situa\u00e7\u00e3o.<\/p>\n<p>Ao adotar uma pol\u00edtica externa amb\u00edgua, atacar sistematicamente advers\u00e1rios pol\u00edticos e alinhar-se a regimes considerados autorit\u00e1rios, o presidente criou as condi\u00e7\u00f5es para que os Estados Unidos se sentissem autorizados a retaliar o pa\u00eds em p\u00fablico, com tarifas, san\u00e7\u00f5es e humilha\u00e7\u00f5es. N\u00e3o se trata de defender Moraes ou o STF, mas de compreender que a instabilidade institucional aberta ao mundo cobra um pre\u00e7o alto, e ele chegou.<\/p>\n<p>Diante disso, o Congresso Nacional, como representante leg\u00edtimo do povo brasileiro, se posiciona com firmeza, junto com o executivo, diante de tarifas abusivas e de san\u00e7\u00f5es pol\u00edticas inadmiss\u00edveis.<\/p>\n<div class=\"wp-block-media-text is-stacked-on-mobile\">\n<figure class=\"wp-block-media-text__media\"><img fetchpriority=\"high\" decoding=\"async\" width=\"683\" height=\"1024\" src=\"https:\/\/agromt.news\/wp-content\/uploads\/2025\/04\/Como-guerras-e-crises-moldaram-o-preco-das-commodities-nos.jpg\" alt=\"Miguel Daoud\" class=\"wp-image-4095706 size-full\"  \/><\/figure>\n<div class=\"wp-block-media-text__content\">\n<p class=\"has-text-align-center\">*<em><strong>Miguel Daoud<\/strong>\u00a0\u00e9 comentarista de Economia e Pol\u00edtica\u00a0do Canal Rural<\/em><\/p>\n<\/div>\n<\/div>\n<hr class=\"wp-block-separator has-alpha-channel-opacity\"\/>\n<p><em>O\u00a0<strong>Canal Rural<\/strong>\u00a0n\u00e3o se responsabiliza pelas opini\u00f5es e conceitos emitidos nos textos desta sess\u00e3o, sendo os conte\u00fados de inteira responsabilidade de seus autores. A empresa se reserva o direito de fazer ajustes no texto para adequa\u00e7\u00e3o \u00e0s normas de publica\u00e7\u00e3o.<\/em><\/p>\n<\/p><\/div>\n<p><br \/>\n<br \/><a href=\"https:\/\/www.canalrural.com.br\/opiniao-noticias\/trump-usa-o-brasil-para-mostrar-forca\/\">Source link <\/a><\/p>\n","protected":false},"excerpt":{"rendered":"<p>Make America Great Again\u201d, \u00e0s custas de quem? O projeto pol\u00edtico \u201cMake America Great Again\u201d, retomado com for\u00e7a por Donald<\/p>\n","protected":false},"author":1,"featured_media":17729,"comment_status":"open","ping_status":"open","sticky":false,"template":"","format":"standard","meta":{"_monsterinsights_skip_tracking":false,"_monsterinsights_sitenote_active":false,"_monsterinsights_sitenote_note":"","_monsterinsights_sitenote_category":0,"_uf_show_specific_survey":0,"_uf_disable_surveys":false,"footnotes":""},"categories":[1],"tags":[],"class_list":["post-17769","post","type-post","status-publish","format-standard","has-post-thumbnail","hentry","category-news"],"_links":{"self":[{"href":"https:\/\/agromt.news\/index.php?rest_route=\/wp\/v2\/posts\/17769"}],"collection":[{"href":"https:\/\/agromt.news\/index.php?rest_route=\/wp\/v2\/posts"}],"about":[{"href":"https:\/\/agromt.news\/index.php?rest_route=\/wp\/v2\/types\/post"}],"author":[{"embeddable":true,"href":"https:\/\/agromt.news\/index.php?rest_route=\/wp\/v2\/users\/1"}],"replies":[{"embeddable":true,"href":"https:\/\/agromt.news\/index.php?rest_route=%2Fwp%2Fv2%2Fcomments&post=17769"}],"version-history":[{"count":0,"href":"https:\/\/agromt.news\/index.php?rest_route=\/wp\/v2\/posts\/17769\/revisions"}],"wp:featuredmedia":[{"embeddable":true,"href":"https:\/\/agromt.news\/index.php?rest_route=\/wp\/v2\/media\/17729"}],"wp:attachment":[{"href":"https:\/\/agromt.news\/index.php?rest_route=%2Fwp%2Fv2%2Fmedia&parent=17769"}],"wp:term":[{"taxonomy":"category","embeddable":true,"href":"https:\/\/agromt.news\/index.php?rest_route=%2Fwp%2Fv2%2Fcategories&post=17769"},{"taxonomy":"post_tag","embeddable":true,"href":"https:\/\/agromt.news\/index.php?rest_route=%2Fwp%2Fv2%2Ftags&post=17769"}],"curies":[{"name":"wp","href":"https:\/\/api.w.org\/{rel}","templated":true}]}}