{"id":17767,"date":"2025-07-31T07:48:54","date_gmt":"2025-07-31T11:48:54","guid":{"rendered":"https:\/\/agromt.news\/?p=17767"},"modified":"2025-07-31T07:48:54","modified_gmt":"2025-07-31T11:48:54","slug":"frio-com-possibilidade-de-geada-veja-a-previsao-do-tempo-para-hoje","status":"publish","type":"post","link":"https:\/\/agromt.news\/?p=17767","title":{"rendered":"Frio com possibilidade de geada; veja a previs\u00e3o do tempo para hoje"},"content":{"rendered":"<p> <br \/>\n<br \/><img decoding=\"async\" src=\"https:\/\/agromt.news\/wp-content\/uploads\/2025\/06\/Frente-fria-vai-trazer-chuva-geada-ampla-e-neve-diz.jpg\" \/><\/p>\n<div>\n<p>O ar frio <a href=\"https:\/\/www.canalrural.com.br\/diversos\/frio-aumenta-e-massa-de-ar-polar-provoca-geadas\/\">ainda atua sobre o Sul<\/a> do Brasil nesta quinta-feira (31) e mant\u00e9m as temperaturas baixas durante a manh\u00e3. H\u00e1 possibilidade de geada, especialmente em pontos mais altos da Serra do Rio Grande do Sul, no interior de Santa Catarina e centro-sul do Paran\u00e1. O dia ser\u00e1 de sol entre nuvens nas cidades do interior ga\u00facho e do Paran\u00e1, e as temperaturas sobem gradativamente durante a tarde, proporcionando uma sensa\u00e7\u00e3o mais amena. \u00c0 tarde, o ar seco ganha for\u00e7a e favorece a queda acentuada dos \u00edndices de umidade relativa do ar entre o interior paranaense e o norte ga\u00facho \u2013 com risco para entrarem em n\u00edveis cr\u00edticos de aten\u00e7\u00e3o. Pr\u00f3ximo \u00e0 costa, o mar continua agitado e ainda h\u00e1 alerta de ressaca entre Mostardas (RS) e Florian\u00f3polis (SC).<\/p>\n<p>No Sudeste, quinta-feira marcada por tempo seco em praticamente toda a regi\u00e3o. Ainda pela manh\u00e3, os term\u00f4metros seguem registrando m\u00ednimas mais baixas, e h\u00e1 risco de geada no extremo sul de MG. O sol predomina, as temperaturas ficam elevadas e a umidade relativa do ar pode chegar a valores abaixo de 30% em boa parte do interior paulista e mineiro. Entre o tri\u00e2ngulo mineiro, norte e noroeste paulista, o cen\u00e1rio \u00e9 de alerta, com \u00edndices abaixo de 20%.<\/p>\n<p>Enquanto, no Centro-Oeste, o padr\u00e3o atmosf\u00e9rico permanece semelhante, com predom\u00ednio de sol e aus\u00eancia de chuva. As temperaturas seguem elevadas e a umidade relativa do ar continua baixa, exigindo aten\u00e7\u00e3o com a hidrata\u00e7\u00e3o e cuidados com a sa\u00fade. Boa parte da regi\u00e3o tamb\u00e9m deve seguir com \u00edndices dentro de limiares de alerta \u2013 abaixo de 20%.<\/p>\n<\/div>\n<div>\n<p><em>Veja em primeira m\u00e3o tudo sobre agricultura, pecu\u00e1ria, economia e previs\u00e3o do tempo:<\/em><a href=\"https:\/\/news.google.com\/publications\/CAAqBwgKMPKZlQswq_mqAw?hl=pt-BR&amp;gl=BR&amp;ceid=BR%3Apt-419\" target=\"_blank\" rel=\"noreferrer noopener\"><em>\u00a0siga o Canal Rural no Google News!<\/em><\/a><\/p>\n<p>J\u00e1 no Nordeste, o avan\u00e7o da frente fria sobre o oceano deve refor\u00e7ar a entrada de umidade sobre o litoral da Bahia, e as pancadas de chuva persistem, com potencial para chuva forte entre a regi\u00e3o de Porto Seguro (BA) e o Rec\u00f4ncavo Baiano. Em Ilh\u00e9us (BA), h\u00e1 risco para temporais localizados. Nas demais \u00e1reas da costa leste \u2013 entre Salvador (BA) e Natal (RN), h\u00e1 condi\u00e7\u00e3o para chuva moderada. No interior da regi\u00e3o, o cen\u00e1rio \u00e9 oposto: predom\u00ednio de ar seco, calor e umidade baixa, com risco para ficar abaixo de 30%.<\/p>\n<p>E na regi\u00e3o Norte, as chuvas diminuem em boa parte do territ\u00f3rio e permanecem mais concentradas no Amap\u00e1, Roraima, norte do Amazonas e do Par\u00e1. As temperaturas continuam elevadas e a umidade do ar pode atingir valores abaixo de 30% em Rond\u00f4nia e no Tocantins.<\/p>\n<div data-icp-cta=\"1\" id=\"icp-cta-unique\">Voc\u00ea quer entender como usar o clima a seu favor?<b> <\/b><a href=\"https:\/\/climacampo.canalrural.com.br\/climacampo_-01\">Preparamos um e-book exclusivo<\/a> para ajudar produtores rurais a se antecipar \u00e0s mudan\u00e7as do tempo e planejar melhor suas a\u00e7\u00f5es. Com base em previs\u00f5es meteorol\u00f3gicas confi\u00e1veis, ele oferece orienta\u00e7\u00f5es pr\u00e1ticas para proteger sua lavoura e otimizar seus resultados.<\/div>\n<\/div>\n<p><br \/>\n<br \/><a href=\"https:\/\/www.canalrural.com.br\/tempo\/frio-com-possibilidade-de-geada-veja-a-previsao-do-tempo-para-hoje\/\">Source link <\/a><\/p>\n","protected":false},"excerpt":{"rendered":"<p>O ar frio ainda atua sobre o Sul do Brasil nesta quinta-feira (31) e mant\u00e9m as temperaturas baixas durante a<\/p>\n","protected":false},"author":1,"featured_media":15340,"comment_status":"open","ping_status":"open","sticky":false,"template":"","format":"standard","meta":{"_monsterinsights_skip_tracking":false,"_monsterinsights_sitenote_active":false,"_monsterinsights_sitenote_note":"","_monsterinsights_sitenote_category":0,"_uf_show_specific_survey":0,"_uf_disable_surveys":false,"footnotes":""},"categories":[1],"tags":[],"class_list":["post-17767","post","type-post","status-publish","format-standard","has-post-thumbnail","hentry","category-news"],"_links":{"self":[{"href":"https:\/\/agromt.news\/index.php?rest_route=\/wp\/v2\/posts\/17767"}],"collection":[{"href":"https:\/\/agromt.news\/index.php?rest_route=\/wp\/v2\/posts"}],"about":[{"href":"https:\/\/agromt.news\/index.php?rest_route=\/wp\/v2\/types\/post"}],"author":[{"embeddable":true,"href":"https:\/\/agromt.news\/index.php?rest_route=\/wp\/v2\/users\/1"}],"replies":[{"embeddable":true,"href":"https:\/\/agromt.news\/index.php?rest_route=%2Fwp%2Fv2%2Fcomments&post=17767"}],"version-history":[{"count":0,"href":"https:\/\/agromt.news\/index.php?rest_route=\/wp\/v2\/posts\/17767\/revisions"}],"wp:featuredmedia":[{"embeddable":true,"href":"https:\/\/agromt.news\/index.php?rest_route=\/wp\/v2\/media\/15340"}],"wp:attachment":[{"href":"https:\/\/agromt.news\/index.php?rest_route=%2Fwp%2Fv2%2Fmedia&parent=17767"}],"wp:term":[{"taxonomy":"category","embeddable":true,"href":"https:\/\/agromt.news\/index.php?rest_route=%2Fwp%2Fv2%2Fcategories&post=17767"},{"taxonomy":"post_tag","embeddable":true,"href":"https:\/\/agromt.news\/index.php?rest_route=%2Fwp%2Fv2%2Ftags&post=17767"}],"curies":[{"name":"wp","href":"https:\/\/api.w.org\/{rel}","templated":true}]}}