{"id":17765,"date":"2025-07-31T07:33:01","date_gmt":"2025-07-31T11:33:01","guid":{"rendered":"https:\/\/agromt.news\/?p=17765"},"modified":"2025-07-31T07:33:01","modified_gmt":"2025-07-31T11:33:01","slug":"cooperativa-do-amapa-investe-em-acai-em-po-para-conquistar-mercados","status":"publish","type":"post","link":"https:\/\/agromt.news\/?p=17765","title":{"rendered":"Cooperativa do Amap\u00e1 investe em &#8216;a\u00e7a\u00ed em p\u00f3&#8217; para conquistar mercados"},"content":{"rendered":"<p> <br \/>\n<\/p>\n<div>\n<p>Entre os produtos oferecidos pela Amazonbai, cooperativa localizada no arquip\u00e9lago do Bailique e Beira Amazonas, na Zona Oeste de Macap\u00e1, no Amap\u00e1 (AP), est\u00e1 o<strong> <\/strong>\u2018a\u00e7a\u00ed em p\u00f3\u2019. <\/p>\n<p>O fruto passa por um processo de desidrata\u00e7\u00e3o que conserva suas propriedades e pode ser reconstitu\u00eddo com \u00e1gua. \u201cCom 50g de p\u00f3, voc\u00ea faz at\u00e9 duas por\u00e7\u00f5es\u201d, explica Gabrielly Santos Corr\u00eaa, vice-presidente da cooperativa e produtora rural.<\/p>\n<p>A novidade foi apresentada no\u00a0<a href=\"https:\/\/www.canalrural.com.br\/empreendedorismo\/inova-amazonia-summit-celebra-bioeconomia-sustentabilidade-e-inovacao-no-amapa\/\">Inova Amaz\u00f4nia Summit 2025,<\/a>\u00a0evento realizado pelo <a href=\"https:\/\/ap.agenciasebrae.com.br\/\">Sebrae\/AP.\u00a0<\/a>Al\u00e9m disso, a inova\u00e7\u00e3o fortalece o portf\u00f3lio da cooperativa, que recentemente conquistou o selo de Indica\u00e7\u00e3o Geogr\u00e1fica, na modalidade de <a href=\"https:\/\/www.amazonbai.com.br\/\"><strong>Indica\u00e7\u00e3o de Proced\u00eancia (IP)<\/strong> <\/a>\u2014 reconhecimento importante para os produtores de a\u00e7a\u00ed da regi\u00e3o.<\/p>\n<p>Segundo Corr\u00eaa, o selo confirma a qualidade do fruto, a origem do produto e o compromisso com a rastreabilidade. \u201c\u00c9 mais uma certifica\u00e7\u00e3o que mostra que o nosso a\u00e7a\u00ed \u00e9 de qualidade, tem origem e segue todo o processo de rastreabilidade\u201d, destaca.<\/p>\n<ul class=\"wp-block-list\">\n<li><em>Participe do Porteira Aberta Empreender: envie perguntas, sugest\u00f5es e conte sua hist\u00f3ria de empreendedorismo pelo\u00a0<\/em><a href=\"https:\/\/api.whatsapp.com\/send?phone=5511932796720&amp;PorteiraAbertaEmpreender=SuaMensagem\"><strong>WhatsApp<\/strong><\/a><\/li>\n<\/ul>\n<figure class=\"wp-block-image size-large is-resized\"><img fetchpriority=\"high\" decoding=\"async\" width=\"1024\" height=\"658\" alt=\"Uma mulher com blusa roxa e avental verde \" class=\"wp-image-4111368\" style=\"width:584px;height:auto\"  data-lazy- src=\"https:\/\/agromt.news\/wp-content\/uploads\/2025\/07\/Cooperativa-do-Amapa-investe-em-acai-em-po-para-conquistar.png\"\/><img decoding=\"async\" width=\"1024\" height=\"658\" src=\"https:\/\/agromt.news\/wp-content\/uploads\/2025\/07\/Cooperativa-do-Amapa-investe-em-acai-em-po-para-conquistar.png\" alt=\"Uma mulher com blusa roxa e avental verde \" class=\"wp-image-4111368\" style=\"width:584px;height:auto\"  \/><figcaption class=\"wp-element-caption\">Gabrielly Santos Corr\u00eaa, vice-presidente da cooperativa e produtora rural. <br \/>Foto: Fabiana Bertinelli | Canal Rural <\/figcaption><\/figure>\n<p>Por\u00e9m, ela refor\u00e7a que todos os cooperados sabem exatamente de onde vem o fruto e quem o produziu, o que fortalece a confian\u00e7a do mercado consumidor. Al\u00e9m dessa conquista, a Amazonbai j\u00e1 acumula oito selos em seus produtos. <\/p>\n<p>Apesar dos avan\u00e7os, a cooperativa ainda enfrenta desafios log\u00edsticos, como o transporte at\u00e9 Macap\u00e1. \u201cA gente leva 12 horas de barco. Isso encarece o custo e dificulta a log\u00edstica.\u201d<\/p>\n<\/div>\n<div>\n<p>No entanto, mesmo diante dos obst\u00e1culos, a cooperativa aposta em solu\u00e7\u00f5es sustent\u00e1veis e foca em agregar valor \u00e0 produ\u00e7\u00e3o, aliando inova\u00e7\u00e3o e responsabilidade socioambiental. \u201cNosso diferencial est\u00e1 na origem e na dedica\u00e7\u00e3o em fazer um a\u00e7a\u00ed cada vez melhor\u201d, completa.<\/p>\n<p>Com orgulho, Corr\u00eaa conclui: \u201cTrabalhamos para que nosso a\u00e7a\u00ed leve sa\u00fade, sabor e identidade amaz\u00f4nica para todo o Brasil.\u201d<\/p>\n<h2 class=\"wp-block-heading\" id=\"h-porteira-aberta-empreender\"><strong>Porteira Aberta Empreender<\/strong><\/h2>\n<p>Quer saber mais sobre o \u2018a\u00e7a\u00ed em p\u00f3\u2019? Assista ao programa <a href=\"https:\/\/www.canalrural.com.br\/empreendedorismo\/transforme-sua-propriedade-em-um-destino-turistico\/\">Porteira Aberta Empreender<\/a>, uma parceria entre o Sebrae e o Canal Rural, nesta quinta-feira (31), \u00e0s 17h45. <\/p>\n<p>Neste epis\u00f3dio, voc\u00ea ir\u00e1 acompanhar hist\u00f3rias reais de micro e pequenos produtores de todo o pa\u00eds e a import\u00e2ncia das cooperativas no campo. <\/p>\n<p>Ent\u00e3o, confira abaixo os canais dispon\u00edveis: <\/p>\n<figure class=\"wp-block-image size-full is-resized\"><img decoding=\"async\" width=\"1013\" height=\"1017\" alt=\"Arte com os hor\u00e1rios do programa Porteira Aberta Empreender\" class=\"wp-image-4106114\" style=\"width:491px;height:auto\"  data-lazy- src=\"https:\/\/agromt.news\/wp-content\/uploads\/2025\/07\/Caroco-do-acai-amapaense-vira-bebida-e-conquista-mercado-internacional.png\"\/><img loading=\"lazy\" decoding=\"async\" width=\"1013\" height=\"1017\" src=\"https:\/\/agromt.news\/wp-content\/uploads\/2025\/07\/Caroco-do-acai-amapaense-vira-bebida-e-conquista-mercado-internacional.png\" alt=\"Arte com os hor\u00e1rios do programa Porteira Aberta Empreender\" class=\"wp-image-4106114\" style=\"width:491px;height:auto\"  \/><figcaption class=\"wp-element-caption\">\u00c0s quintas-feiras, \u00e0s 17h45, no Canal Rural. Foto: Arte divulga\u00e7\u00e3o | Canal Rural <\/figcaption><\/figure>\n<p>Al\u00e9m disso, voc\u00ea tamb\u00e9m pode participar do programa enviando d\u00favidas, sugest\u00f5es ou relatos pelo nosso \u00a0<a href=\"https:\/\/api.whatsapp.com\/send?phone=5511932796720&amp;PorteiraAbertaEmpreender=SuaMensagem\"><strong>WhatsApp<\/strong><\/a>. Participe! <\/p>\n<\/p><\/div>\n<p><br \/>\n<br \/><a href=\"https:\/\/www.canalrural.com.br\/empreendedorismo\/cooperativa-do-amapa-investe-em-acai-em-po-para-conquistar-mercados\/\">Source link <\/a><\/p>\n","protected":false},"excerpt":{"rendered":"<p>Entre os produtos oferecidos pela Amazonbai, cooperativa localizada no arquip\u00e9lago do Bailique e Beira Amazonas, na Zona Oeste de Macap\u00e1,<\/p>\n","protected":false},"author":1,"featured_media":17766,"comment_status":"open","ping_status":"open","sticky":false,"template":"","format":"standard","meta":{"_monsterinsights_skip_tracking":false,"_monsterinsights_sitenote_active":false,"_monsterinsights_sitenote_note":"","_monsterinsights_sitenote_category":0,"_uf_show_specific_survey":0,"_uf_disable_surveys":false,"footnotes":""},"categories":[1],"tags":[],"class_list":["post-17765","post","type-post","status-publish","format-standard","has-post-thumbnail","hentry","category-news"],"_links":{"self":[{"href":"https:\/\/agromt.news\/index.php?rest_route=\/wp\/v2\/posts\/17765"}],"collection":[{"href":"https:\/\/agromt.news\/index.php?rest_route=\/wp\/v2\/posts"}],"about":[{"href":"https:\/\/agromt.news\/index.php?rest_route=\/wp\/v2\/types\/post"}],"author":[{"embeddable":true,"href":"https:\/\/agromt.news\/index.php?rest_route=\/wp\/v2\/users\/1"}],"replies":[{"embeddable":true,"href":"https:\/\/agromt.news\/index.php?rest_route=%2Fwp%2Fv2%2Fcomments&post=17765"}],"version-history":[{"count":0,"href":"https:\/\/agromt.news\/index.php?rest_route=\/wp\/v2\/posts\/17765\/revisions"}],"wp:featuredmedia":[{"embeddable":true,"href":"https:\/\/agromt.news\/index.php?rest_route=\/wp\/v2\/media\/17766"}],"wp:attachment":[{"href":"https:\/\/agromt.news\/index.php?rest_route=%2Fwp%2Fv2%2Fmedia&parent=17765"}],"wp:term":[{"taxonomy":"category","embeddable":true,"href":"https:\/\/agromt.news\/index.php?rest_route=%2Fwp%2Fv2%2Fcategories&post=17765"},{"taxonomy":"post_tag","embeddable":true,"href":"https:\/\/agromt.news\/index.php?rest_route=%2Fwp%2Fv2%2Ftags&post=17765"}],"curies":[{"name":"wp","href":"https:\/\/api.w.org\/{rel}","templated":true}]}}