{"id":17761,"date":"2025-07-31T02:24:13","date_gmt":"2025-07-31T06:24:13","guid":{"rendered":"https:\/\/agromt.news\/?p=17761"},"modified":"2025-07-31T02:24:13","modified_gmt":"2025-07-31T06:24:13","slug":"verao-europeu-tem-efeitos-distintos-sobre-as-safras","status":"publish","type":"post","link":"https:\/\/agromt.news\/?p=17761","title":{"rendered":"Ver\u00e3o europeu tem efeitos distintos sobre as safras"},"content":{"rendered":"<p> <br \/>\n<\/p>\n<div>\n<div class=\"row\">\n<div class=\"col-lg col-infos mt-0 mt-lg-0\">\n<div class=\"section-sub-title\">\n<p itemprop=\"description\">&#13;<br \/>\n                                USDA alerta para calor no sudeste europeu&#13;\n                            <\/p>\n<\/p><\/div>\n<div class=\"container\">\n<div class=\"row\">\n<div class=\"col-lg p-0\">\n<div>\n<div class=\"block-news-main-infos mt-3 text-start\">\n<p>                                            <strong class=\"fn\" itemprop=\"author\" style=\"color: rgb(112, 112, 112); \">&#13;<br \/>\n                                                <a href=\"https:\/\/www.agrolink.com.br\/noticias\/javascript:;\" class=\"text-uppercase\" target=\"_blank\" style=\"color: rgb(112, 112, 112); \" rel=\"noopener\">Agrolink<\/a>&#13;<br \/>\n&#13;<br \/>\n                                                    &#8211; Seane Lennon&#13;<br \/>\n&#13;<br \/>\n                                            <\/strong><br \/>\n                                        <\/p>\n<p>                                            <abbr><time datetime=\"2025-07-30T18:25\" itemprop=\"datePublished dateModified\">Publicado em 30\/07\/2025 \u00e0s 18:25h.<\/time><\/abbr><br \/>\n                                            <\/p><\/div>\n<\/p><\/div>\n<\/p><\/div>\n<div class=\"col-lg p-0 text-lg-end\">\n<div>\n<div id=\"mdEnviarPagina\" class=\"modal fade\" role=\"dialog\">\n<div class=\"modal-dialog\">\n<div class=\"modal-content\">\n<div class=\"modal-body\">\n<p><strong>Estimado usu\u00e1rio.<\/strong><br \/>Preencha o formul\u00e1rio abaixo para remeter a p\u00e1gina.<\/p>\n<\/p><\/div>\n<\/p><\/div>\n<\/p><\/div>\n<\/div><\/div>\n<\/p><\/div>\n<\/p><\/div>\n<\/p><\/div>\n<\/p><\/div>\n<\/p><\/div>\n<div class=\"row justify-content-md-center mt-3\">\n<div class=\"col-lg-auto col-image block-news-main-image\">\n<p>                                <img decoding=\"async\" src=\"https:\/\/www.agrolink.com.br\/upload\/imagens-resizes\/efe06d64d3324063a7184b7b0ebf9e3c_858x483.jpg\" class=\"lazyload img-fluid\"\/><br \/>\n                                                <span class=\"publicity-photo d-block mt-1\">Foto: Pixabay<\/span><\/p><\/div>\n<\/p><\/div>\n<div class=\"section-description section-description-noticias mt-3\">\n<p style=\"text-align:justify\"><span><span>O Weekly Weather and Crop Bulletin, divulgado nesta ter\u00e7a-feira (29) pelo Departamento de Agricultura dos Estados Unidos (USDA), revelou que chuvas generalizadas e temperaturas mais amenas prevaleceram sobre o centro e norte da Europa, enquanto o sudeste do continente atrai calor intenso, desfavor\u00e1vel ao desenvolvimento das culturas de ver\u00e3o em fase reprodutiva.<\/span><\/span>&#13;\n<\/p>\n<p style=\"text-align:justify\">Segundo o boletim, uma mudan\u00e7a acentuada na corrente de jato em dire\u00e7\u00e3o ao sul trouxe precipita\u00e7\u00f5es moderadas a fortes, entre 10 e 95 mil\u00edmetros, \u00e0 metade norte da Europa. Essa umidade beneficia o cultivo de <a href=\"https:\/\/www.agrolink.com.br\/culturas\/milho?utm_source=agrolink-detalhe-noticia&amp;utm_medium=detalhe-noticia&amp;utm_campaign=links-internos&#9;\" target=\"_blank\" rel=\"noopener\">milho<\/a>, <a href=\"https:\/\/www.agrolink.com.br\/culturas\/girassol?utm_source=agrolink-detalhe-noticia&amp;utm_medium=detalhe-noticia&amp;utm_campaign=links-internos\" target=\"_blank\" rel=\"noopener\">girassol<\/a> e <a href=\"https:\/\/www.agrolink.com.br\/culturas\/soja?utm_source=agrolink-detalhe-noticia&amp;utm_medium=detalhe-noticia&amp;utm_campaign=links-internos\" target=\"_blank\" rel=\"noopener\">soja<\/a> em est\u00e1gios reprodutivos. As temperaturas m\u00e9dias variaram entre 1 e 2\u00b0C em rela\u00e7\u00e3o aos padr\u00f5es hist\u00f3ricos, o que contribuiu para reduzir o risco de estresse t\u00e9rmico nas culturas sens\u00edveis ao calor.<\/p>\n<p style=\"text-align:justify\"><span><span>Na Espanha, o boletim destacou que as temperaturas atingiram de 1 a 3\u00b0C abaixo da m\u00e9dia, o que amenizou o estresse t\u00e9rmico recente sobre as culturas irrigadas de milho e girassol. No norte da It\u00e1lia, temperaturas mais suaves e chuvas de 15 a 85 mil\u00edmetros estabilizaram as condi\u00e7\u00f5es das culturas de milho e soja em projetos reprodutivos e de enchimento.<\/span><\/span>&#13;\n<\/p>\n<p style=\"text-align:justify\"><span><span>Em contrapartida, o sul da Rom\u00eania e o norte da Bulg\u00e1ria registraram chuvas isoladas, insuficientes para compensar o calor excessivo. As temperaturas m\u00e1ximas chegam a 40\u00b0C, afetando o milho em fase de desenvolvimento de bolhas, com um pico de 43,4\u00b0C ao longo do rio Dan\u00fabio, no sudoeste romeno. Situa\u00e7\u00e3o semelhante foi observada no centro e norte da Gr\u00e9cia, onde o calor de at\u00e9 43,8\u00b0C compromete a prote\u00e7\u00e3o do algod\u00e3o e de outros trabalhos irrigados em fases reprodutivas e de enchimento.<\/span><\/span><\/p>\n<\/p><\/div>\n<\/p><\/div>\n<p><script data-cfasync=\"false\">\n    !function (f, b, e, v, n, t, s) {\n        if (f.fbq) return; n = f.fbq = function () {\n            n.callMethod ?\n                n.callMethod.apply(n, arguments) : n.queue.push(arguments)\n        };\n        if (!f._fbq) f._fbq = n; n.push = n; n.loaded = !0; n.version = '2.0';\n        n.queue = []; t = b.createElement(e); t.async = !0;\n        t.src = v; s = b.getElementsByTagName(e)[0];\n        s.parentNode.insertBefore(t, s)\n    }(window, document, 'script',\n        'https:\/\/connect.facebook.net\/en_US\/fbevents.js');\n    fbq('init', '522546078623747');\n    fbq('track', 'PageView');\n<\/script><br \/>\n<br \/><br \/>\n<br \/><a href=\"https:\/\/www.agrolink.com.br\/noticias\/verao-europeu-tem-efeitos-distintos-sobre-as-safras_504480.html\">Source link <\/a><\/p>\n","protected":false},"excerpt":{"rendered":"<p>&#13; USDA alerta para calor no sudeste europeu&#13; &#13; Agrolink&#13; &#13; &#8211; Seane Lennon&#13; &#13; Publicado em 30\/07\/2025 \u00e0s 18:25h.<\/p>\n","protected":false},"author":1,"featured_media":7845,"comment_status":"open","ping_status":"open","sticky":false,"template":"","format":"standard","meta":{"_monsterinsights_skip_tracking":false,"_monsterinsights_sitenote_active":false,"_monsterinsights_sitenote_note":"","_monsterinsights_sitenote_category":0,"_uf_show_specific_survey":0,"_uf_disable_surveys":false,"footnotes":""},"categories":[8,1,14],"tags":[],"class_list":["post-17761","post","type-post","status-publish","format-standard","has-post-thumbnail","hentry","category-agro","category-news","category-politica-agro"],"_links":{"self":[{"href":"https:\/\/agromt.news\/index.php?rest_route=\/wp\/v2\/posts\/17761"}],"collection":[{"href":"https:\/\/agromt.news\/index.php?rest_route=\/wp\/v2\/posts"}],"about":[{"href":"https:\/\/agromt.news\/index.php?rest_route=\/wp\/v2\/types\/post"}],"author":[{"embeddable":true,"href":"https:\/\/agromt.news\/index.php?rest_route=\/wp\/v2\/users\/1"}],"replies":[{"embeddable":true,"href":"https:\/\/agromt.news\/index.php?rest_route=%2Fwp%2Fv2%2Fcomments&post=17761"}],"version-history":[{"count":0,"href":"https:\/\/agromt.news\/index.php?rest_route=\/wp\/v2\/posts\/17761\/revisions"}],"wp:featuredmedia":[{"embeddable":true,"href":"https:\/\/agromt.news\/index.php?rest_route=\/wp\/v2\/media\/7845"}],"wp:attachment":[{"href":"https:\/\/agromt.news\/index.php?rest_route=%2Fwp%2Fv2%2Fmedia&parent=17761"}],"wp:term":[{"taxonomy":"category","embeddable":true,"href":"https:\/\/agromt.news\/index.php?rest_route=%2Fwp%2Fv2%2Fcategories&post=17761"},{"taxonomy":"post_tag","embeddable":true,"href":"https:\/\/agromt.news\/index.php?rest_route=%2Fwp%2Fv2%2Ftags&post=17761"}],"curies":[{"name":"wp","href":"https:\/\/api.w.org\/{rel}","templated":true}]}}