{"id":17760,"date":"2025-07-31T00:24:41","date_gmt":"2025-07-31T04:24:41","guid":{"rendered":"https:\/\/agromt.news\/?p=17760"},"modified":"2025-07-31T00:24:41","modified_gmt":"2025-07-31T04:24:41","slug":"chuvas-amenizam-seca-mas-reservatorios-seguem-baixos-no-mexico","status":"publish","type":"post","link":"https:\/\/agromt.news\/?p=17760","title":{"rendered":"Chuvas amenizam seca, mas reservat\u00f3rios seguem baixos no M\u00e9xico"},"content":{"rendered":"<p> <br \/>\n<\/p>\n<div>\n<div class=\"row\">\n<div class=\"col-lg col-infos mt-0 mt-lg-0\">\n<div class=\"section-sub-title\">\n<p itemprop=\"description\">&#13;<br \/>\n                                M\u00e9xico enfrenta contrastes clim\u00e1ticos nas lavouras&#13;\n                            <\/p>\n<\/p><\/div>\n<div class=\"container\">\n<div class=\"row\">\n<div class=\"col-lg p-0\">\n<div>\n<div class=\"block-news-main-infos mt-3 text-start\">\n<p>                                            <strong class=\"fn\" itemprop=\"author\" style=\"color: rgb(112, 112, 112); \">&#13;<br \/>\n                                                <a href=\"https:\/\/www.agrolink.com.br\/noticias\/javascript:;\" class=\"text-uppercase\" target=\"_blank\" style=\"color: rgb(112, 112, 112); \" rel=\"noopener\">Agrolink<\/a>&#13;<br \/>\n&#13;<br \/>\n                                                    &#8211; Seane Lennon&#13;<br \/>\n&#13;<br \/>\n                                            <\/strong><br \/>\n                                        <\/p>\n<p>                                            <abbr><time datetime=\"2025-07-30T18:33\" itemprop=\"datePublished dateModified\">Publicado em 30\/07\/2025 \u00e0s 18:33h.<\/time><\/abbr><br \/>\n                                            <\/p><\/div>\n<\/p><\/div>\n<\/p><\/div>\n<div class=\"col-lg p-0 text-lg-end\">\n<div>\n<div id=\"mdEnviarPagina\" class=\"modal fade\" role=\"dialog\">\n<div class=\"modal-dialog\">\n<div class=\"modal-content\">\n<div class=\"modal-body\">\n<p><strong>Estimado usu\u00e1rio.<\/strong><br \/>Preencha o formul\u00e1rio abaixo para remeter a p\u00e1gina.<\/p>\n<\/p><\/div>\n<\/p><\/div>\n<\/p><\/div>\n<\/div><\/div>\n<\/p><\/div>\n<\/p><\/div>\n<\/p><\/div>\n<\/p><\/div>\n<\/p><\/div>\n<div class=\"row justify-content-md-center mt-3\">\n<div class=\"col-lg-auto col-image block-news-main-image\">\n<p>                                <img decoding=\"async\" src=\"https:\/\/www.agrolink.com.br\/upload\/imagens-resizes\/9d8db9a0ef8a4500b49d5bd8d3f94b82_858x483.jpg\" class=\"lazyload img-fluid\"\/><br \/>\n                                                <span class=\"publicity-photo d-block mt-1\">Foto: Pixabay<\/span><\/p><\/div>\n<\/p><\/div>\n<div class=\"section-description section-description-noticias mt-3\">\n<p style=\"text-align:justify\">De acordo com o Weekly Weather and Crop Bulletin, divulgado nesta ter\u00e7a-feira (29) pelo Departamento de Agricultura dos Estados Unidos (USDA), o clima no M\u00e9xico apresentou varia\u00e7\u00e3o significativa entre as regi\u00f5es, com predom\u00ednio de condi\u00e7\u00f5es mais secas no cintur\u00e3o de <a href=\"https:\/\/www.agrolink.com.br\/culturas\/milho?utm_source=agrolink-detalhe-noticia&amp;utm_medium=detalhe-noticia&amp;utm_campaign=links-internos&#9;\" target=\"_blank\" rel=\"noopener\">milho<\/a> do planalto sul. Apesar da redu\u00e7\u00e3o nos volumes, a umidade do solo permanece adequada para a maioria das culturas de ver\u00e3o, resultado da chuva acumulada nas \u00faltimas semanas. A cobertura pluvial nessa \u00e1rea ainda foi considerada satisfat\u00f3ria, mesmo com totais entre 5 e 35 mil\u00edmetros, havendo registros fora dessa faixa em algumas localidades.&#13;\n<\/p>\n<p style=\"text-align:justify\">No sudeste do pa\u00eds, foram observadas chuvas intensas, com volumes localmente superiores a 100 mil\u00edmetros. J\u00e1 no noroeste, precipita\u00e7\u00f5es entre 10 e 25 mil\u00edmetros ou mais ocorreram devido \u00e0 atua\u00e7\u00e3o das mon\u00e7\u00f5es norte-americanas.<\/p>\n<p style=\"text-align:justify\">Segundo o boletim, o Monitor de Secas Mexicano de 15 de julho apontou que as chuvas de ver\u00e3o contribu\u00edram para a redu\u00e7\u00e3o da seca no norte do M\u00e9xico. Ainda assim, \u00e1reas de seca extrema a excepcional, classificadas como D3 a D4, continuam presentes em partes dos estados de Sonora, Chihuahua e Coahuila.&#13;\n<\/p>\n<p style=\"text-align:justify\">Mesmo com a melhora em algumas regi\u00f5es, o boletim destacou que a escassez prolongada de \u00e1gua nos reservat\u00f3rios persiste no norte do pa\u00eds, atingindo \u00e1reas pr\u00f3ximas \u00e0 fronteira com os Estados Unidos.<\/p>\n<\/p><\/div>\n<\/p><\/div>\n<p><script data-cfasync=\"false\">\n    !function (f, b, e, v, n, t, s) {\n        if (f.fbq) return; n = f.fbq = function () {\n            n.callMethod ?\n                n.callMethod.apply(n, arguments) : n.queue.push(arguments)\n        };\n        if (!f._fbq) f._fbq = n; n.push = n; n.loaded = !0; n.version = '2.0';\n        n.queue = []; t = b.createElement(e); t.async = !0;\n        t.src = v; s = b.getElementsByTagName(e)[0];\n        s.parentNode.insertBefore(t, s)\n    }(window, document, 'script',\n        'https:\/\/connect.facebook.net\/en_US\/fbevents.js');\n    fbq('init', '522546078623747');\n    fbq('track', 'PageView');\n<\/script><br \/>\n<br \/><br \/>\n<br \/><a href=\"https:\/\/www.agrolink.com.br\/noticias\/chuvas-amenizam-seca--mas-reservatorios-seguem-baixos-no-mexico_504481.html\">Source link <\/a><\/p>\n","protected":false},"excerpt":{"rendered":"<p>&#13; M\u00e9xico enfrenta contrastes clim\u00e1ticos nas lavouras&#13; &#13; Agrolink&#13; &#13; &#8211; Seane Lennon&#13; &#13; Publicado em 30\/07\/2025 \u00e0s 18:33h. Estimado<\/p>\n","protected":false},"author":1,"featured_media":10329,"comment_status":"open","ping_status":"open","sticky":false,"template":"","format":"standard","meta":{"_monsterinsights_skip_tracking":false,"_monsterinsights_sitenote_active":false,"_monsterinsights_sitenote_note":"","_monsterinsights_sitenote_category":0,"_uf_show_specific_survey":0,"_uf_disable_surveys":false,"footnotes":""},"categories":[8,1,14],"tags":[],"class_list":["post-17760","post","type-post","status-publish","format-standard","has-post-thumbnail","hentry","category-agro","category-news","category-politica-agro"],"_links":{"self":[{"href":"https:\/\/agromt.news\/index.php?rest_route=\/wp\/v2\/posts\/17760"}],"collection":[{"href":"https:\/\/agromt.news\/index.php?rest_route=\/wp\/v2\/posts"}],"about":[{"href":"https:\/\/agromt.news\/index.php?rest_route=\/wp\/v2\/types\/post"}],"author":[{"embeddable":true,"href":"https:\/\/agromt.news\/index.php?rest_route=\/wp\/v2\/users\/1"}],"replies":[{"embeddable":true,"href":"https:\/\/agromt.news\/index.php?rest_route=%2Fwp%2Fv2%2Fcomments&post=17760"}],"version-history":[{"count":0,"href":"https:\/\/agromt.news\/index.php?rest_route=\/wp\/v2\/posts\/17760\/revisions"}],"wp:featuredmedia":[{"embeddable":true,"href":"https:\/\/agromt.news\/index.php?rest_route=\/wp\/v2\/media\/10329"}],"wp:attachment":[{"href":"https:\/\/agromt.news\/index.php?rest_route=%2Fwp%2Fv2%2Fmedia&parent=17760"}],"wp:term":[{"taxonomy":"category","embeddable":true,"href":"https:\/\/agromt.news\/index.php?rest_route=%2Fwp%2Fv2%2Fcategories&post=17760"},{"taxonomy":"post_tag","embeddable":true,"href":"https:\/\/agromt.news\/index.php?rest_route=%2Fwp%2Fv2%2Ftags&post=17760"}],"curies":[{"name":"wp","href":"https:\/\/api.w.org\/{rel}","templated":true}]}}