{"id":17747,"date":"2025-07-30T18:36:55","date_gmt":"2025-07-30T22:36:55","guid":{"rendered":"https:\/\/agromt.news\/?p=17747"},"modified":"2025-07-30T18:36:55","modified_gmt":"2025-07-30T22:36:55","slug":"cafe-brasileiro-luta-para-se-encaixar-na-lista-de-excecoes-a-tarifa-dos-eua","status":"publish","type":"post","link":"https:\/\/agromt.news\/?p=17747","title":{"rendered":"Caf\u00e9 brasileiro luta para se encaixar na lista de exce\u00e7\u00f5es \u00e0 tarifa dos EUA"},"content":{"rendered":"<p> <br \/>\n<br \/><img decoding=\"async\" src=\"https:\/\/agromt.news\/wp-content\/uploads\/2025\/06\/Anvisa-proibe-a-venda-de-tres-marcas-de-cafe.jpg\" \/><\/p>\n<div>\n<p>Com o an\u00fancio oficial sobre as tarifas de 50% para produtos brasileiros exportados aos Estados Unidos, feito nesta quarta-feira (30) em decreto assinado por Donald Trump, o Conselho dos Exportadores de Caf\u00e9 do Brasil <strong><a href=\"https:\/\/www.canalrural.com.br\/tag\/cecafe\/\">(Cecaf\u00e9)<\/a><\/strong> afirmou que seguir\u00e1 em tratativas com seus pares norte-americanos, como a <em>National Coffee Association<\/em> (NCA).<\/p>\n<p>O objetivo ser\u00e1 que o produto passe a integrar a lista de exce\u00e7\u00f5es elaborada pela Casa Branca, <strong><a href=\"https:\/\/www.canalrural.com.br\/economia\/suco-de-laranja-e-castanhas-nao-serao-taxados-por-trump\/\">a exemplo do suco de laranja, das castanhas, min\u00e9rios, avi\u00f5es, produtos celul\u00f3sicos e de madeira. <\/a><\/strong><\/p>\n<p>\u201cNa rela\u00e7\u00e3o comercial cafeeira entre EUA e Brasil, as na\u00e7\u00f5es s\u00e3o imprescind\u00edveis uma \u00e0 outra, uma vez que os caf\u00e9s brasileiros representam uma fatia superior a 30% do mercado cafeeiro norte-americano, sendo o principal fornecedor ao pa\u00eds, ao passo que os EUA respondem por 16% das exporta\u00e7\u00f5es do produto nacional, sendo o principal destino de nossas exporta\u00e7\u00f5es\u201d, diz a nota do Cecaf\u00e9.<\/p>\n<\/div>\n<div>\n<p>O Conselho ressalta que o caf\u00e9 tamb\u00e9m \u00e9 de suma relev\u00e2ncia aos Estados Unidos, haja vista que 76% do povo norte-americano consome a bebida. Al\u00e9m disso, estudos mostram que a popula\u00e7\u00e3o do pa\u00eds gasta cerca de US$ 110 bilh\u00f5es em caf\u00e9 e itens relacionados (US$ 301 milh\u00f5es por dia) ao ano.<\/p>\n<p>De acordo com estudo conduzido pela Technomic, em 2022, o caf\u00e9 \u00e9 respons\u00e1vel por mais de 8% do valor de toda a ind\u00fastria de servi\u00e7os aliment\u00edcios no pa\u00eds da Am\u00e9rica do Norte.<\/p>\n<p>\u201cA ind\u00fastria cafeeira norte-americana sustenta mais de 2,2 milh\u00f5es de empregos no pa\u00eds, gerando mais de US$ 101 bilh\u00f5es em sal\u00e1rios, o que beneficia todos os estados e comunidades locais. Al\u00e9m disso, a cada US$ 1 que os EUA importam de caf\u00e9, s\u00e3o injetados outros US$ 43 na economia norte-americana, fazendo com que o setor movimente US$ 343 bilh\u00f5es ao ano, montante que representa 1,2% do PIB dos Estados Unidos\u201d, sustenta a nota do Cecaf\u00e9.<\/p>\n<p>\u201cDiante da relev\u00e2ncia do caf\u00e9 aos consumidores e \u00e0 economia norte-americana, entendemos que se faz necess\u00e1ria a revis\u00e3o da decis\u00e3o de taxar os caf\u00e9s do Brasil \u2013 ato que implicar\u00e1 eleva\u00e7\u00e3o desmedida de pre\u00e7os e infla\u00e7\u00e3o, uma vez que esses tributos ser\u00e3o repassados \u00e0 popula\u00e7\u00e3o americana no ato da compra \u2013, medida pela qual seguiremos trabalhando junto a nossos parceiros nos Estados Unidos, de maneira que consigamos lograr \u00eaxito no sentido de, ao menos, o caf\u00e9 ser inclu\u00eddo entre os produtos que fiquem isentos da tributa\u00e7\u00e3o de 50%\u201d, finaliza o texto do Conselho dos Exportadores de Caf\u00e9 do Brasil.<\/p>\n<\/p><\/div>\n<p><br \/>\n<br \/><a href=\"https:\/\/www.canalrural.com.br\/agricultura\/cafe-brasileiro-luta-para-se-encaixar-na-lista-de-excecoes-a-tarifa-dos-eua\/\">Source link <\/a><\/p>\n","protected":false},"excerpt":{"rendered":"<p>Com o an\u00fancio oficial sobre as tarifas de 50% para produtos brasileiros exportados aos Estados Unidos, feito nesta quarta-feira (30)<\/p>\n","protected":false},"author":1,"featured_media":14514,"comment_status":"open","ping_status":"open","sticky":false,"template":"","format":"standard","meta":{"_monsterinsights_skip_tracking":false,"_monsterinsights_sitenote_active":false,"_monsterinsights_sitenote_note":"","_monsterinsights_sitenote_category":0,"_uf_show_specific_survey":0,"_uf_disable_surveys":false,"footnotes":""},"categories":[1],"tags":[],"class_list":["post-17747","post","type-post","status-publish","format-standard","has-post-thumbnail","hentry","category-news"],"_links":{"self":[{"href":"https:\/\/agromt.news\/index.php?rest_route=\/wp\/v2\/posts\/17747"}],"collection":[{"href":"https:\/\/agromt.news\/index.php?rest_route=\/wp\/v2\/posts"}],"about":[{"href":"https:\/\/agromt.news\/index.php?rest_route=\/wp\/v2\/types\/post"}],"author":[{"embeddable":true,"href":"https:\/\/agromt.news\/index.php?rest_route=\/wp\/v2\/users\/1"}],"replies":[{"embeddable":true,"href":"https:\/\/agromt.news\/index.php?rest_route=%2Fwp%2Fv2%2Fcomments&post=17747"}],"version-history":[{"count":0,"href":"https:\/\/agromt.news\/index.php?rest_route=\/wp\/v2\/posts\/17747\/revisions"}],"wp:featuredmedia":[{"embeddable":true,"href":"https:\/\/agromt.news\/index.php?rest_route=\/wp\/v2\/media\/14514"}],"wp:attachment":[{"href":"https:\/\/agromt.news\/index.php?rest_route=%2Fwp%2Fv2%2Fmedia&parent=17747"}],"wp:term":[{"taxonomy":"category","embeddable":true,"href":"https:\/\/agromt.news\/index.php?rest_route=%2Fwp%2Fv2%2Fcategories&post=17747"},{"taxonomy":"post_tag","embeddable":true,"href":"https:\/\/agromt.news\/index.php?rest_route=%2Fwp%2Fv2%2Ftags&post=17747"}],"curies":[{"name":"wp","href":"https:\/\/api.w.org\/{rel}","templated":true}]}}