{"id":17743,"date":"2025-07-30T18:04:49","date_gmt":"2025-07-30T22:04:49","guid":{"rendered":"https:\/\/agromt.news\/?p=17743"},"modified":"2025-07-30T18:04:49","modified_gmt":"2025-07-30T22:04:49","slug":"fpa-pede-cautela-e-diplomacia-afiada-diante-da-tarifa-dos-eua-ao-brasil","status":"publish","type":"post","link":"https:\/\/agromt.news\/?p=17743","title":{"rendered":"FPA pede cautela e diplomacia afiada diante da tarifa dos EUA ao Brasil"},"content":{"rendered":"<p> <br \/>\n<br \/><img decoding=\"async\" src=\"https:\/\/agromt.news\/wp-content\/uploads\/2025\/06\/Exigencia-de-registro-para-producao-de-bioinsumos-on-farm-e.jpg\" \/><\/p>\n<div>\n<p>Diante da oficializa\u00e7\u00e3o do <strong><a href=\"https:\/\/www.canalrural.com.br\/economia\/trump-assina-decreto-que-eleva-tarifas-de-exportacao-do-brasil-para-50\/\">an\u00fancio de tarifa de 50% sobre produtos brasileiros exportados aos Estados Unidos<\/a><\/strong>, anunciada nesta quarta-feira (30), a Frente Parlamentar da Agropecu\u00e1ria (FPA) divulgou nota em que manifesta preocupa\u00e7\u00e3o e que a medida representa um alerta ao equil\u00edbrio das rela\u00e7\u00f5es comerciais e pol\u00edticas entre os dois pa\u00edses.<\/p>\n<p>\u201cA nova al\u00edquota produz reflexos diretos e atingem o agroneg\u00f3cio nacional, com impactos no c\u00e2mbio, no consequente aumento do custo de insumos importados e na competitividade das exporta\u00e7\u00f5es brasileiras\u201d, destaca.<\/p>\n<\/div>\n<div>\n<p>Diante desse cen\u00e1rio, a FPA defende \u201cuma resposta firme e estrat\u00e9gica\u201d. Para a entidade, o momento \u00e9 de cautela, diplomacia afiada e presen\u00e7a ativa do Brasil na mesa de negocia\u00e7\u00f5es.<\/p>\n<p>\u201cA FPA reitera a import\u00e2ncia de fortalecer as tratativas bilaterais, sem isolar o Brasil perante as negocia\u00e7\u00f5es. A diplomacia \u00e9 o caminho mais estrat\u00e9gico para a retomada das tratativas\u201d, conclui o texto.<\/p>\n<\/p><\/div>\n<p><br \/>\n<br \/><a href=\"https:\/\/www.canalrural.com.br\/politica\/fpa-pede-cautela-e-diplomacia-afiada-diante-da-tarifa-dos-eua-ao-brasil\/\">Source link <\/a><\/p>\n","protected":false},"excerpt":{"rendered":"<p>Diante da oficializa\u00e7\u00e3o do an\u00fancio de tarifa de 50% sobre produtos brasileiros exportados aos Estados Unidos, anunciada nesta quarta-feira (30),<\/p>\n","protected":false},"author":1,"featured_media":17744,"comment_status":"open","ping_status":"open","sticky":false,"template":"","format":"standard","meta":{"_monsterinsights_skip_tracking":false,"_monsterinsights_sitenote_active":false,"_monsterinsights_sitenote_note":"","_monsterinsights_sitenote_category":0,"_uf_show_specific_survey":0,"_uf_disable_surveys":false,"footnotes":""},"categories":[1],"tags":[],"class_list":["post-17743","post","type-post","status-publish","format-standard","has-post-thumbnail","hentry","category-news"],"_links":{"self":[{"href":"https:\/\/agromt.news\/index.php?rest_route=\/wp\/v2\/posts\/17743"}],"collection":[{"href":"https:\/\/agromt.news\/index.php?rest_route=\/wp\/v2\/posts"}],"about":[{"href":"https:\/\/agromt.news\/index.php?rest_route=\/wp\/v2\/types\/post"}],"author":[{"embeddable":true,"href":"https:\/\/agromt.news\/index.php?rest_route=\/wp\/v2\/users\/1"}],"replies":[{"embeddable":true,"href":"https:\/\/agromt.news\/index.php?rest_route=%2Fwp%2Fv2%2Fcomments&post=17743"}],"version-history":[{"count":0,"href":"https:\/\/agromt.news\/index.php?rest_route=\/wp\/v2\/posts\/17743\/revisions"}],"wp:featuredmedia":[{"embeddable":true,"href":"https:\/\/agromt.news\/index.php?rest_route=\/wp\/v2\/media\/17744"}],"wp:attachment":[{"href":"https:\/\/agromt.news\/index.php?rest_route=%2Fwp%2Fv2%2Fmedia&parent=17743"}],"wp:term":[{"taxonomy":"category","embeddable":true,"href":"https:\/\/agromt.news\/index.php?rest_route=%2Fwp%2Fv2%2Fcategories&post=17743"},{"taxonomy":"post_tag","embeddable":true,"href":"https:\/\/agromt.news\/index.php?rest_route=%2Fwp%2Fv2%2Ftags&post=17743"}],"curies":[{"name":"wp","href":"https:\/\/api.w.org\/{rel}","templated":true}]}}