{"id":17735,"date":"2025-07-30T17:07:39","date_gmt":"2025-07-30T21:07:39","guid":{"rendered":"https:\/\/agromt.news\/?p=17735"},"modified":"2025-07-30T17:07:39","modified_gmt":"2025-07-30T21:07:39","slug":"periodo-de-estiagem-reforca-importancia-da-uniao-dos-produtores-em-mt","status":"publish","type":"post","link":"https:\/\/agromt.news\/?p=17735","title":{"rendered":"Per\u00edodo de estiagem refor\u00e7a import\u00e2ncia da uni\u00e3o dos produtores em MT"},"content":{"rendered":"<p> <br \/>\n<br \/><img decoding=\"async\" src=\"https:\/\/agromt.news\/wp-content\/uploads\/2025\/07\/Periodo-de-estiagem-reforca-importancia-da-uniao-dos-produtores-em.jpeg\" \/><\/p>\n<div>\n<p>O <a href=\"https:\/\/www.canalrural.com.br\/?s=estiagem\">per\u00edodo de estiagem <\/a>em Mato Grosso \u00e9 marcado por altas temperaturas, baixa umidade do ar e vegeta\u00e7\u00e3o ressecada, cen\u00e1rio que favorece a r\u00e1pida propaga\u00e7\u00e3o de inc\u00eandios. Segundo dados do Corpo de Bombeiros de Mato Grosso (CBM-MT), 27,7% dos focos registrados em 2024 ocorreram em Terras Ind\u00edgenas, o que refor\u00e7a a necessidade de vigil\u00e2ncia constante, principalmente em \u00e1reas lim\u00edtrofes.<\/p>\n<ul class=\"wp-block-list\">\n<li><strong><em>Fique por dentro das novidades e not\u00edcias recentes sobre a soja! Participe da nossa comunidade atrav\u00e9s do\u00a0<a href=\"https:\/\/chat.whatsapp.com\/BmMRwA0TZ2DHGyhzoaVEWu\">link<\/a>! \ud83c\udf31<\/em><\/strong><\/li>\n<\/ul>\n<p>Diante desse cen\u00e1rio cr\u00edtico, a Associa\u00e7\u00e3o dos Produtores de Soja e Milho de Mato Grosso (<a href=\"https:\/\/aprosoja.com.br\/\">Aprosoja MT<\/a>) fortalece a coopera\u00e7\u00e3o entre agricultores para conter e prevenir o avan\u00e7o das chamas. Em diversas regi\u00f5es do estado, produtores se organizam em uma verdadeira for\u00e7a conjunta de enfrentamento.<\/p>\n<h2 class=\"wp-block-heading\" id=\"h-experiencias-dos-produtores\">Experi\u00eancias dos produtores <\/h2>\n<p>A produtora Josi Paula Souza, de \u00c1gua Boa, vive essa realidade de perto. Sua propriedade faz divisa com territ\u00f3rio ind\u00edgena e j\u00e1 sofreu preju\u00edzos devido \u00e0s queimadas no per\u00edodo de estiagem. \u201cNa nossa propriedade, eventualmente ocorrem inc\u00eandios causados por ind\u00edgenas. \u00c9 um trabalho constante de vigil\u00e2ncia, pois precisamos cuidar da nossa \u00e1rea e da divisa com as terras ind\u00edgenas. <\/p>\n<\/div>\n<div>\n<p>Esse fogo atinge a pastagem e o solo, que demora muito para se recuperar. Ficamos um ano sem o pasto. \u00c9 uma perda da pastagem e da terra tamb\u00e9m, que exige um longo per\u00edodo de recupera\u00e7\u00e3o\u201d, relata.<\/p>\n<h3 class=\"wp-block-heading\" id=\"h-acoes-da-aprosoja-mt-para-enfrentar-a-estiagem\">A\u00e7\u00f5es da Aprosoja MT para enfrentar a estiagem<\/h3>\n<p>O delegado do n\u00facleo de Quer\u00eancia, Valdair Hauenstein Granja, afirma que o apoio m\u00fatuo entre vizinhos tem sido fundamental. \u201dEstamos sempre prontos para ajudar ou receber ajuda quando surge o fogo. A uni\u00e3o \u00e9 essencial para controlar o inc\u00eandio rapidamente e reduzir preju\u00edzos. Ao menor alerta no grupo de WhatsApp, quem estiver mais pr\u00f3ximo deve agir imediatamente\u201d, refor\u00e7a.<\/p>\n<p>Na regi\u00e3o de Quer\u00eancia, um grupo com mais de 300 produtores foi criado exclusivamente para essa finalidade. J\u00e1 em Lucas do Rio Verde, a mobiliza\u00e7\u00e3o come\u00e7a antes mesmo do in\u00edcio da seca. O delegado da Aprosoja local, Gilberto Eberhardt, explica que, em parceria com o Corpo de Bombeiros, os agricultores participaram de reuni\u00f5es para mapear propriedades com geolocaliza\u00e7\u00e3o e identificar equipamentos dispon\u00edveis.<\/p>\n<p>\u201cO que vemos \u00e9 a uni\u00e3o de todos para se preparar no combate aos inc\u00eandios. Recentemente, tivemos uma reuni\u00e3o com o Corpo de Bombeiros, no Sindicato Rural, para mapear todas as propriedades com geolocaliza\u00e7\u00e3o. A ideia \u00e9 que cada produtor informe os equipamentos dispon\u00edveis em sua propriedade para o combate ao fogo. \u00c9 fundamental que todos os produtores acessem o site da Aprosoja MT, onde est\u00e3o dispon\u00edveis informa\u00e7\u00f5es para prevenir e saber onde buscar ajuda\u201d, destaca Gilberto.<\/p>\n<\/p><\/div>\n<p><br \/>\n<br \/><a href=\"https:\/\/www.canalrural.com.br\/agricultura\/projeto-soja-brasil\/periodo-de-estiagem-reforca-importancia-da-uniao-dos-produtores-em-mt\/\">Source link <\/a><\/p>\n","protected":false},"excerpt":{"rendered":"<p>O per\u00edodo de estiagem em Mato Grosso \u00e9 marcado por altas temperaturas, baixa umidade do ar e vegeta\u00e7\u00e3o ressecada, cen\u00e1rio<\/p>\n","protected":false},"author":1,"featured_media":17736,"comment_status":"open","ping_status":"open","sticky":false,"template":"","format":"standard","meta":{"_monsterinsights_skip_tracking":false,"_monsterinsights_sitenote_active":false,"_monsterinsights_sitenote_note":"","_monsterinsights_sitenote_category":0,"_uf_show_specific_survey":0,"_uf_disable_surveys":false,"footnotes":""},"categories":[1],"tags":[],"class_list":["post-17735","post","type-post","status-publish","format-standard","has-post-thumbnail","hentry","category-news"],"_links":{"self":[{"href":"https:\/\/agromt.news\/index.php?rest_route=\/wp\/v2\/posts\/17735"}],"collection":[{"href":"https:\/\/agromt.news\/index.php?rest_route=\/wp\/v2\/posts"}],"about":[{"href":"https:\/\/agromt.news\/index.php?rest_route=\/wp\/v2\/types\/post"}],"author":[{"embeddable":true,"href":"https:\/\/agromt.news\/index.php?rest_route=\/wp\/v2\/users\/1"}],"replies":[{"embeddable":true,"href":"https:\/\/agromt.news\/index.php?rest_route=%2Fwp%2Fv2%2Fcomments&post=17735"}],"version-history":[{"count":0,"href":"https:\/\/agromt.news\/index.php?rest_route=\/wp\/v2\/posts\/17735\/revisions"}],"wp:featuredmedia":[{"embeddable":true,"href":"https:\/\/agromt.news\/index.php?rest_route=\/wp\/v2\/media\/17736"}],"wp:attachment":[{"href":"https:\/\/agromt.news\/index.php?rest_route=%2Fwp%2Fv2%2Fmedia&parent=17735"}],"wp:term":[{"taxonomy":"category","embeddable":true,"href":"https:\/\/agromt.news\/index.php?rest_route=%2Fwp%2Fv2%2Fcategories&post=17735"},{"taxonomy":"post_tag","embeddable":true,"href":"https:\/\/agromt.news\/index.php?rest_route=%2Fwp%2Fv2%2Ftags&post=17735"}],"curies":[{"name":"wp","href":"https:\/\/api.w.org\/{rel}","templated":true}]}}