{"id":17731,"date":"2025-07-30T16:35:09","date_gmt":"2025-07-30T20:35:09","guid":{"rendered":"https:\/\/agromt.news\/?p=17731"},"modified":"2025-07-30T16:35:09","modified_gmt":"2025-07-30T20:35:09","slug":"produtores-rurais-de-sp-transformam-excedente-de-bananas-em-renda-coletiva","status":"publish","type":"post","link":"https:\/\/agromt.news\/?p=17731","title":{"rendered":"Produtores rurais de SP transformam excedente de bananas em renda coletiva"},"content":{"rendered":"<p> <br \/>\n<\/p>\n<div>\n<p>No cora\u00e7\u00e3o de Pedro de Toledo, regi\u00e3o do Vale do Ribeira (SP), a banana virou s\u00edmbolo de resist\u00eancia e inova\u00e7\u00e3o para a fam\u00edlia Fonseca. No entanto, o que come\u00e7ou com o av\u00f4 ensinando os netos a cuidar do bananal, aos poucos se transformou em um exemplo de como o cooperativismo pode mudar a realidade local.<\/p>\n<p>\u201cMeu pai comprou o s\u00edtio quando eu tinha onze anos. A gente conhece cada pedacinho desse solo\u201d, relembra Laura da Silva Fonseca. O terreno, passado de gera\u00e7\u00e3o em gera\u00e7\u00e3o, foi onde S\u00e9rgio Luiz Fonseca Lima encontrou sustento e miss\u00e3o: preservar a tradi\u00e7\u00e3o familiar e aplicar conhecimento t\u00e9cnico no bananal.<\/p>\n<p>Durante a juventude, Lima passava as f\u00e9rias no s\u00edtio e aprendeu com o av\u00f4 o manejo do bananal. \u201cAprendi com ele o manejo, o cultivo, o que usar e o que n\u00e3o usar para preservar a natureza\u201d, conta. Aos 22 anos, trocou a vida litor\u00e2nea de S\u00e3o Vicente (SP) por Pedro de Toledo.<\/p>\n<p>Atualmente, cultiva entre quatro e cinco mil p\u00e9s de banana \u2014 uma redu\u00e7\u00e3o em rela\u00e7\u00e3o aos seis mil da \u00e9poca do av\u00f4. Os custos elevados, como fertilizantes atrelados ao d\u00f3lar, explicam a mudan\u00e7a no bananal. \u201cTem \u00e9poca do ano que n\u00e3o compensa cortar a banana\u201d, revela.<\/p>\n<h2 class=\"wp-block-heading\" id=\"h-cooperativa-transforma-excedente-em-renda\"><strong>Cooperativa transforma excedente em renda <\/strong><\/h2>\n<p>Diante das dificuldades, a fam\u00edlia Fonseca junto com outros agricultores da regi\u00e3o criaram a Associa\u00e7\u00e3o de Produtores Rurais de Pedro de Toledo. H\u00e1 cerca de 12 anos, a uni\u00e3o trouxe solu\u00e7\u00f5es coletivas como a entrada no Programa Nacional de Alimenta\u00e7\u00e3o Escolar (PNAE), que ampliou o escoamento da banana. No entanto, o excedente fora do calend\u00e1rio escolar ainda era um desafio para os produtores de banana.<\/p>\n<p>Foi ent\u00e3o, que eles receberam o apoio financeiro do programa Conex\u00e3o Mata Atl\u00e2ntica \u2014 que desde 2018 distribui recursos do Fundo Global do Meio Ambiente \u2014 e impulsionou a produ\u00e7\u00e3o. Como resultado, os produtores abriram m\u00e3o das verbas individuais e decidiram investir na cria\u00e7\u00e3o da <a href=\"https:\/\/www.canalrural.com.br\/empreendedorismo\/caroco-do-acai-vira-bebida-e-conquista-mercado-internacional\/\">cooperativa<\/a> Ouro do Vale. Em seguida, estruturaram a agroind\u00fastria local.<\/p>\n<p>\u201cA gente transforma o excesso de bananas em geleias, banana-passa e chips. E tamb\u00e9m temos um selo da agricultura familiar, trazendo mais confian\u00e7a aos produtos e, claro, rentabilidade\u201d, afirma Lima.<\/p>\n<\/div>\n<div>\n<ul class=\"wp-block-list\">\n<li><em>Participe do Porteira Aberta Empreender: envie perguntas, sugest\u00f5es e conte sua hist\u00f3ria de empreendedorismo pelo\u00a0<\/em><a href=\"https:\/\/api.whatsapp.com\/send?phone=5511932796720&amp;PorteiraAbertaEmpreender=SuaMensagem\"><strong>WhatsApp<\/strong><\/a><\/li>\n<\/ul>\n<figure class=\"wp-block-image size-large is-resized\"><img fetchpriority=\"high\" decoding=\"async\" width=\"1024\" height=\"580\" alt=\"Na agroind\u00fastria Ouro Verde, est\u00e3o quatro cooperados\" class=\"wp-image-4111480\" style=\"width:555px;height:auto\"  data-lazy- src=\"https:\/\/agromt.news\/wp-content\/uploads\/2025\/07\/Produtores-rurais-de-SP-transformam-excedente-de-bananas-em-renda.png\"\/><img decoding=\"async\" width=\"1024\" height=\"580\" src=\"https:\/\/agromt.news\/wp-content\/uploads\/2025\/07\/Produtores-rurais-de-SP-transformam-excedente-de-bananas-em-renda.png\" alt=\"Na agroind\u00fastria Ouro Verde, est\u00e3o quatro cooperados\" class=\"wp-image-4111480\" style=\"width:555px;height:auto\"  \/><figcaption class=\"wp-element-caption\">Cooperativa e agroind\u00fastria Ouro Verde. Foto: Fabiana Bertinelli | Canal Rural <\/figcaption><\/figure>\n<h2 class=\"wp-block-heading\" id=\"h-sebrae-impulsiona-o-empreendedorismo\">Sebrae impulsiona o empreendedorismo <\/h2>\n<p>Al\u00e9m da estrutura f\u00edsica, o conhecimento t\u00e9cnico trouxe avan\u00e7os significativos. Com suporte do <a href=\"https:\/\/sp.agenciasebrae.com.br\/\">Sebrae\/SP<\/a> com o programa Agente Local de Inova\u00e7\u00e3o, ALI Rural, os produtores participaram de cursos sobre administra\u00e7\u00e3o, manejo sustent\u00e1vel e an\u00e1lise de solo. <\/p>\n<p>Com isso, os cooperados puderam aprender a cultivar as bananas de forma sustent\u00e1vel. \u201cNa \u00e9poca do meu av\u00f4, tudo era feito por tradi\u00e7\u00e3o. Agora a gente entende o porqu\u00ea de cada pr\u00e1tica. Isso muda tudo\u201d, reconhece Lima. <\/p>\n<p>Al\u00e9m disso, a identidade regional tamb\u00e9m ganhou destaque, refor\u00e7ada pelo selo <strong><a href=\"https:\/\/sebrae.com.br\/sites\/PortalSebrae\/ufs\/SP?codUf=26\">\u201cD\u00e1 gosto ser do Ribeira\u201d<\/a><\/strong>, promovido pelo Sebrae\/SP. Apesar dos avan\u00e7os, os desafios persistem: clima inst\u00e1vel e os custos elevados dos insumos para o cultivo de bananas. <\/p>\n<p>Ainda assim, a hist\u00f3ria da fam\u00edlia Fonseca Lima \u2014 e de tantos outros produtores no Vale do Ribeira \u2014 mostra que, com uni\u00e3o e conhecimento, \u00e9 poss\u00edvel transformar obst\u00e1culos em oportunidades.<\/p>\n<h2 class=\"wp-block-heading\" id=\"h-porteira-aberta-empreender\">Porteira Aberta Empreender<\/h2>\n<p>Quer saber mais sobre a hist\u00f3ria da fam\u00edlia Fonseca? Assista ao programa\u00a0 \u00a0<a href=\"https:\/\/www.canalrural.com.br\/empreendedorismo\/portfolio-e-apresentacao-estrategica-o-segredo-para-fortalecer-sua-marca\/\">Porteira Aberta Empreender<\/a>, uma parceria entre o Sebrae e o Canal Rural,\u00a0<strong>nesta quinta-feira (31), \u00e0s 17h45.<\/strong>\u00a0O programa mostra hist\u00f3rias reais de micro e pequenos produtores de todo o pa\u00eds.<\/p>\n<p>Participe tirando d\u00favidas, enviando sugest\u00f5es ou relatos pelo nosso\u00a0<a href=\"https:\/\/api.whatsapp.com\/send?phone=5511932796720&amp;PorteiraAbertaEmpreender=SuaMensagem\"><strong>WhatsApp<\/strong><\/a>.<\/p>\n<figure class=\"wp-block-image size-full is-resized\"><img decoding=\"async\" width=\"1013\" height=\"1017\" alt=\"Arte com os hor\u00e1rios do programa Porteira Aberta Empreender\" class=\"wp-image-4106114\" style=\"width:519px;height:auto\"  data-lazy- src=\"https:\/\/agromt.news\/wp-content\/uploads\/2025\/07\/1753907709_160_Produtores-rurais-de-SP-transformam-excedente-de-bananas-em-renda.png\"\/><img loading=\"lazy\" decoding=\"async\" width=\"1013\" height=\"1017\" src=\"https:\/\/agromt.news\/wp-content\/uploads\/2025\/07\/1753907709_160_Produtores-rurais-de-SP-transformam-excedente-de-bananas-em-renda.png\" alt=\"Arte com os hor\u00e1rios do programa Porteira Aberta Empreender\" class=\"wp-image-4106114\" style=\"width:519px;height:auto\"  \/><figcaption class=\"wp-element-caption\">\u00c0s quintas-feiras, \u00e0s 17h45, no Canal Rural. Foto: Arte Divulga\u00e7\u00e3o | Canal Rural <\/figcaption><\/figure>\n<\/p><\/div>\n<p><br \/>\n<br \/><a href=\"https:\/\/www.canalrural.com.br\/empreendedorismo\/produtores-rurais-de-sp-transformam-excedente-de-bananas-em-renda-coletiva\/\">Source link <\/a><\/p>\n","protected":false},"excerpt":{"rendered":"<p>No cora\u00e7\u00e3o de Pedro de Toledo, regi\u00e3o do Vale do Ribeira (SP), a banana virou s\u00edmbolo de resist\u00eancia e inova\u00e7\u00e3o<\/p>\n","protected":false},"author":1,"featured_media":17732,"comment_status":"open","ping_status":"open","sticky":false,"template":"","format":"standard","meta":{"_monsterinsights_skip_tracking":false,"_monsterinsights_sitenote_active":false,"_monsterinsights_sitenote_note":"","_monsterinsights_sitenote_category":0,"_uf_show_specific_survey":0,"_uf_disable_surveys":false,"footnotes":""},"categories":[1],"tags":[],"class_list":["post-17731","post","type-post","status-publish","format-standard","has-post-thumbnail","hentry","category-news"],"_links":{"self":[{"href":"https:\/\/agromt.news\/index.php?rest_route=\/wp\/v2\/posts\/17731"}],"collection":[{"href":"https:\/\/agromt.news\/index.php?rest_route=\/wp\/v2\/posts"}],"about":[{"href":"https:\/\/agromt.news\/index.php?rest_route=\/wp\/v2\/types\/post"}],"author":[{"embeddable":true,"href":"https:\/\/agromt.news\/index.php?rest_route=\/wp\/v2\/users\/1"}],"replies":[{"embeddable":true,"href":"https:\/\/agromt.news\/index.php?rest_route=%2Fwp%2Fv2%2Fcomments&post=17731"}],"version-history":[{"count":0,"href":"https:\/\/agromt.news\/index.php?rest_route=\/wp\/v2\/posts\/17731\/revisions"}],"wp:featuredmedia":[{"embeddable":true,"href":"https:\/\/agromt.news\/index.php?rest_route=\/wp\/v2\/media\/17732"}],"wp:attachment":[{"href":"https:\/\/agromt.news\/index.php?rest_route=%2Fwp%2Fv2%2Fmedia&parent=17731"}],"wp:term":[{"taxonomy":"category","embeddable":true,"href":"https:\/\/agromt.news\/index.php?rest_route=%2Fwp%2Fv2%2Fcategories&post=17731"},{"taxonomy":"post_tag","embeddable":true,"href":"https:\/\/agromt.news\/index.php?rest_route=%2Fwp%2Fv2%2Ftags&post=17731"}],"curies":[{"name":"wp","href":"https:\/\/api.w.org\/{rel}","templated":true}]}}