{"id":17730,"date":"2025-07-30T16:27:30","date_gmt":"2025-07-30T20:27:30","guid":{"rendered":"https:\/\/agromt.news\/?p=17730"},"modified":"2025-07-30T16:27:30","modified_gmt":"2025-07-30T20:27:30","slug":"deficit-de-armazenagem-forca-venda-antecipada-da-soja-em-mato-grosso","status":"publish","type":"post","link":"https:\/\/agromt.news\/?p=17730","title":{"rendered":"D\u00e9ficit de armazenagem for\u00e7a venda antecipada da soja em Mato Grosso"},"content":{"rendered":"<p> <br \/>\n<\/p>\n<div>\n<div class=\"row\">\n<div class=\"col-lg col-infos mt-0 mt-lg-0\">\n<div class=\"section-sub-title\">\n<p itemprop=\"description\">&#13;<br \/>\n                                Produtores de soja enfrentam gargalo log\u00edstico&#13;\n                            <\/p>\n<\/p><\/div>\n<div class=\"container\">\n<div class=\"row\">\n<div class=\"col-lg p-0\">\n<div>\n<div class=\"block-news-main-infos mt-3 text-start\">\n<p>                                            <strong class=\"fn\" itemprop=\"author\" style=\"color: rgb(112, 112, 112); \">&#13;<br \/>\n                                                <a href=\"https:\/\/www.agrolink.com.br\/noticias\/javascript:;\" class=\"text-uppercase\" target=\"_blank\" style=\"color: rgb(112, 112, 112); \" rel=\"noopener\">Agrolink<\/a>&#13;<br \/>\n&#13;<br \/>\n                                                    &#8211; Aline Merladete&#13;<br \/>\n&#13;<br \/>\n                                            <\/strong><br \/>\n                                        <\/p>\n<p>                                            <abbr><time datetime=\"2025-07-29T04:56\" itemprop=\"datePublished dateModified\">Publicado em 29\/07\/2025 \u00e0s 04:56h.<\/time><\/abbr><br \/>\n                                            <\/p><\/div>\n<\/p><\/div>\n<\/p><\/div>\n<div class=\"col-lg p-0 text-lg-end\">\n<div>\n<div id=\"mdEnviarPagina\" class=\"modal fade\" role=\"dialog\">\n<div class=\"modal-dialog\">\n<div class=\"modal-content\">\n<div class=\"modal-body\">\n<p><strong>Estimado usu\u00e1rio.<\/strong><br \/>Preencha o formul\u00e1rio abaixo para remeter a p\u00e1gina.<\/p>\n<\/p><\/div>\n<\/p><\/div>\n<\/p><\/div>\n<\/div><\/div>\n<\/p><\/div>\n<\/p><\/div>\n<\/p><\/div>\n<\/p><\/div>\n<\/p><\/div>\n<div class=\"row justify-content-md-center mt-3\">\n<div class=\"col-lg-auto col-image block-news-main-image\">\n<p>                                <img decoding=\"async\" src=\"https:\/\/www.agrolink.com.br\/upload\/imagens-resizes\/890501986d334a19847a2fc5af0cd70c_858x483.jpg\" class=\"lazyload img-fluid\"\/><br \/>\n                                                <span class=\"publicity-photo d-block mt-1\">Foto: United Soybean Board<\/span><\/p><\/div>\n<\/p><\/div>\n<div class=\"section-description section-description-noticias mt-3\">\n<p style=\"text-align:justify\">Mato Grosso segue enfrentando um dos maiores desafios log\u00edsticos do setor agr\u00edcola: a insufici\u00eancia na capacidade de armazenagem. Em 2025, o estado tem capacidade para estocar apenas 49,87% do volume total previsto para a safra 2024\/25, um cen\u00e1rio que pressiona diretamente os sojicultores. A produ\u00e7\u00e3o de soja e milho deve atingir 104,91 milh\u00f5es de toneladas, evidenciando um descompasso entre a colheita e a estrutura dispon\u00edvel para estocagem.&#13;\n<\/p>\n<p style=\"text-align:justify\">Segundo informa\u00e7\u00f5es do boletim informativo do Imea (Instituto Mato-grossense de Economia Agropecu\u00e1ria), a estrutura est\u00e1tica de armazenagem no estado segue em 52,32 milh\u00f5es de toneladas \u2014 mesmo volume registrado em 2024. Isso representa um d\u00e9ficit de 52,60 milh\u00f5es de toneladas, obrigando muitos produtores a tomar decis\u00f5es comerciais desfavor\u00e1veis por falta de espa\u00e7o para guardar os gr\u00e3os.<\/p>\n<p style=\"text-align:justify\">Esse desequil\u00edbrio entre produ\u00e7\u00e3o e armazenagem n\u00e3o \u00e9 recente. Desde a safra 2010\/11, enquanto a produ\u00e7\u00e3o de gr\u00e3os cresceu em m\u00e9dia 9,89% ao ano, a capacidade de estocagem aumentou apenas 4,25% ao ano. Essa diferen\u00e7a se deve \u00e0 aus\u00eancia de investimentos robustos e \u00e0 escassez de pol\u00edticas p\u00fablicas que incentivem a constru\u00e7\u00e3o de novos armaz\u00e9ns, especialmente por parte de pequenos e m\u00e9dios produtores.&#13;\n<\/p>\n<p style=\"text-align:justify\">Sem estrutura adequada, muitos agricultores t\u00eam sido for\u00e7ados a vender parte da safra de forma antecipada para liberar espa\u00e7o. Essa pr\u00e1tica reduz o poder de negocia\u00e7\u00e3o do produtor rural, que se v\u00ea impedido de comercializar seus produtos nos momentos de pre\u00e7os mais vantajosos, o que compromete a rentabilidade da lavoura.<\/p>\n<\/p><\/div>\n<\/p><\/div>\n<p><script data-cfasync=\"false\">\n    !function (f, b, e, v, n, t, s) {\n        if (f.fbq) return; n = f.fbq = function () {\n            n.callMethod ?\n                n.callMethod.apply(n, arguments) : n.queue.push(arguments)\n        };\n        if (!f._fbq) f._fbq = n; n.push = n; n.loaded = !0; n.version = '2.0';\n        n.queue = []; t = b.createElement(e); t.async = !0;\n        t.src = v; s = b.getElementsByTagName(e)[0];\n        s.parentNode.insertBefore(t, s)\n    }(window, document, 'script',\n        'https:\/\/connect.facebook.net\/en_US\/fbevents.js');\n    fbq('init', '522546078623747');\n    fbq('track', 'PageView');\n<\/script><br \/>\n<br \/><br \/>\n<br \/><a href=\"https:\/\/www.agrolink.com.br\/noticias\/deficit-de-armazenagem-forca-venda-antecipada-da-soja-em-mato-grosso_504403.html\">Source link <\/a><\/p>\n","protected":false},"excerpt":{"rendered":"<p>&#13; Produtores de soja enfrentam gargalo log\u00edstico&#13; &#13; Agrolink&#13; &#13; &#8211; Aline Merladete&#13; &#13; Publicado em 29\/07\/2025 \u00e0s 04:56h. Estimado<\/p>\n","protected":false},"author":1,"featured_media":6757,"comment_status":"open","ping_status":"open","sticky":false,"template":"","format":"standard","meta":{"_monsterinsights_skip_tracking":false,"_monsterinsights_sitenote_active":false,"_monsterinsights_sitenote_note":"","_monsterinsights_sitenote_category":0,"_uf_show_specific_survey":0,"_uf_disable_surveys":false,"footnotes":""},"categories":[8,1,14],"tags":[],"class_list":["post-17730","post","type-post","status-publish","format-standard","has-post-thumbnail","hentry","category-agro","category-news","category-politica-agro"],"_links":{"self":[{"href":"https:\/\/agromt.news\/index.php?rest_route=\/wp\/v2\/posts\/17730"}],"collection":[{"href":"https:\/\/agromt.news\/index.php?rest_route=\/wp\/v2\/posts"}],"about":[{"href":"https:\/\/agromt.news\/index.php?rest_route=\/wp\/v2\/types\/post"}],"author":[{"embeddable":true,"href":"https:\/\/agromt.news\/index.php?rest_route=\/wp\/v2\/users\/1"}],"replies":[{"embeddable":true,"href":"https:\/\/agromt.news\/index.php?rest_route=%2Fwp%2Fv2%2Fcomments&post=17730"}],"version-history":[{"count":0,"href":"https:\/\/agromt.news\/index.php?rest_route=\/wp\/v2\/posts\/17730\/revisions"}],"wp:featuredmedia":[{"embeddable":true,"href":"https:\/\/agromt.news\/index.php?rest_route=\/wp\/v2\/media\/6757"}],"wp:attachment":[{"href":"https:\/\/agromt.news\/index.php?rest_route=%2Fwp%2Fv2%2Fmedia&parent=17730"}],"wp:term":[{"taxonomy":"category","embeddable":true,"href":"https:\/\/agromt.news\/index.php?rest_route=%2Fwp%2Fv2%2Fcategories&post=17730"},{"taxonomy":"post_tag","embeddable":true,"href":"https:\/\/agromt.news\/index.php?rest_route=%2Fwp%2Fv2%2Ftags&post=17730"}],"curies":[{"name":"wp","href":"https:\/\/api.w.org\/{rel}","templated":true}]}}