{"id":17724,"date":"2025-07-30T15:45:58","date_gmt":"2025-07-30T19:45:58","guid":{"rendered":"https:\/\/agromt.news\/?p=17724"},"modified":"2025-07-30T15:45:58","modified_gmt":"2025-07-30T19:45:58","slug":"bem-estar-animal-e-destaque-na-42a-exposicao-nacional-do-mangalarga-marchador","status":"publish","type":"post","link":"https:\/\/agromt.news\/?p=17724","title":{"rendered":"Bem-estar animal \u00e9 destaque na 42\u00aa Exposi\u00e7\u00e3o Nacional do Mangalarga Marchador"},"content":{"rendered":"<p> <br \/>\n<br \/><img decoding=\"async\" src=\"https:\/\/agromt.news\/wp-content\/uploads\/2025\/07\/Bem-estar-animal-e-destaque-na-42a-Exposicao-Nacional-do-Mangalarga.jpg\" \/><\/p>\n<div>\n<p>A 42\u00aa Exposi\u00e7\u00e3o Nacional do Cavalo Mangalarga Marchador, que acontece em Belo Horizonte at\u00e9 o dia 2 de agosto, vai al\u00e9m das tradicionais provas e julgamentos. O evento coloca o bem-estar animal como tema inegoci\u00e1vel. <\/p>\n<p>Para tanto, o Conselho Regional de Medicina Veterin\u00e1ria de Minas Gerais (CRMV-MG) participa ativamente da programa\u00e7\u00e3o. A autarquia reuniu diretores em uma plen\u00e1ria dentro das depend\u00eancias do Parque da Gameleira, onde a ra\u00e7a tipicamente brasileira marcha soberana.<\/p>\n<p><iframe title=\"Bem-estar \u00e9 destaque na Exposi\u00e7\u00e3o Nacional do Mangalarga Marchador\" width=\"800\" height=\"450\" src=\"https:\/\/www.youtube.com\/embed\/aBEqOyqoG6Y?feature=oembed\" frameborder=\"0\" allow=\"accelerometer; autoplay; clipboard-write; encrypted-media; gyroscope; picture-in-picture; web-share\" referrerpolicy=\"strict-origin-when-cross-origin\" allowfullscreen><\/iframe><noscript><iframe title=\"Bem-estar \u00e9 destaque na Exposi\u00e7\u00e3o Nacional do Mangalarga Marchador\" width=\"800\" height=\"450\" src=\"https:\/\/www.youtube.com\/embed\/aBEqOyqoG6Y?feature=oembed\" frameborder=\"0\" allow=\"accelerometer; autoplay; clipboard-write; encrypted-media; gyroscope; picture-in-picture; web-share\" referrerpolicy=\"strict-origin-when-cross-origin\" allowfullscreen><\/iframe><\/noscript><\/p>\n<p>No local, s\u00e3o deliberadas normas, resolu\u00e7\u00f5es e outras medidas que afetam a atua\u00e7\u00e3o de m\u00e9dicos veterin\u00e1rios e zootecnistas pelo Brasil. <\/p>\n<p>O diretor-secret\u00e1rio do Conselho, Jos\u00e9 Carlos Pontello, refor\u00e7a a responsabilidade do \u00f3rg\u00e3o em manter a sa\u00fade e bem-estar dos mais de <strong><a href=\"https:\/\/www.canalrural.com.br\/nacional\/exposicao-do-mangalarga-marchador-exalta-raca-que-movimenta-r-12-bilhoes-ao-ano\/\">1.600 animais de 18 estados que est\u00e3o presentes na exposi\u00e7\u00e3o deste ano. <\/a><\/strong><\/p>\n<\/div>\n<div>\n<p>\u201cS\u00e3o animais que est\u00e3o servindo, ou seja, \u00e9 uma festa para n\u00f3s, mas eles est\u00e3o trabalhando. Ningu\u00e9m pensa nisso. N\u00f3s estamos comemorando os pr\u00eamios, mas uma \u00e9gua premiada, um cavalo premiado, fica aqui quatro, cinco dias competindo e trabalhando. Ent\u00e3o, a gente tem que respeit\u00e1-los e fazer o poss\u00edvel para que isso os agrida o m\u00ednimo poss\u00edvel. Precisamos gerenciar esse novo mundo de uma maneira que possamos ter a companhia deles e usufruir deles\u201d, destaca.<\/p>\n<p>Pontello decidiu ainda a crian\u00e7a ser m\u00e9dico veterin\u00e1rio. Especializado em bem-estar animal, ele avalia que o conceito \u00e9 cada vez mais exigido em grandes competi\u00e7\u00f5es. \u201cOs profissionais que fazem o julgamento desses animais, eles t\u00eam muita sensibilidade. Ent\u00e3o eles sabem, por exemplo, se esse animal est\u00e1 com um andamento, com uma movimenta\u00e7\u00e3o, com um comportamento artificializado\u201d, comenta. <\/p>\n<p>Segundo ele, caso a marcha e o comportamento do cavalo ou da \u00e9gua n\u00e3o for natural, espont\u00e2neo, \u00e9 sinal de que o animal passou por algum sofrimento, fator que \u00e9 levado em conta como ponto negativo pelos ju\u00edzes.<\/p>\n<p>J\u00e1 para o oresidente do CRMV-MG, Affonso Lopes de Aguiar J\u00fanior, as discuss\u00f5es no \u00e2mbito da autarquia visam ao desenvolvimento cont\u00ednuo de uma profiss\u00e3o indispens\u00e1vel para a sanidade e o bem-estar animal. <\/p>\n<p>\u201c\u00c9 o momento desses profissionais proporem quest\u00f5es e tamb\u00e9m se comunicarem. O estado de Minas Gerais \u00e9 muito grande, digo que \u00e9 um pa\u00eds, mensurando com na\u00e7\u00f5es da Europa, ent\u00e3o as necessidades do profissional do do norte mineiro talvez n\u00e3o sejam iguais \u00e0s do sul, do leste, do oeste. Ent\u00e3o essa \u00e9 a oportunidade dos colegas trazerem as suas demandas\u201d, destaca.<\/p>\n<\/p><\/div>\n<p><br \/>\n<br \/><a href=\"https:\/\/www.canalrural.com.br\/pecuaria\/bem-estar-animal-e-destaque-na-42a-exposicao-nacional-do-mangalarga-marchador\/\">Source link <\/a><\/p>\n","protected":false},"excerpt":{"rendered":"<p>A 42\u00aa Exposi\u00e7\u00e3o Nacional do Cavalo Mangalarga Marchador, que acontece em Belo Horizonte at\u00e9 o dia 2 de agosto, vai<\/p>\n","protected":false},"author":1,"featured_media":17725,"comment_status":"open","ping_status":"open","sticky":false,"template":"","format":"standard","meta":{"_monsterinsights_skip_tracking":false,"_monsterinsights_sitenote_active":false,"_monsterinsights_sitenote_note":"","_monsterinsights_sitenote_category":0,"_uf_show_specific_survey":0,"_uf_disable_surveys":false,"footnotes":""},"categories":[1],"tags":[],"class_list":["post-17724","post","type-post","status-publish","format-standard","has-post-thumbnail","hentry","category-news"],"_links":{"self":[{"href":"https:\/\/agromt.news\/index.php?rest_route=\/wp\/v2\/posts\/17724"}],"collection":[{"href":"https:\/\/agromt.news\/index.php?rest_route=\/wp\/v2\/posts"}],"about":[{"href":"https:\/\/agromt.news\/index.php?rest_route=\/wp\/v2\/types\/post"}],"author":[{"embeddable":true,"href":"https:\/\/agromt.news\/index.php?rest_route=\/wp\/v2\/users\/1"}],"replies":[{"embeddable":true,"href":"https:\/\/agromt.news\/index.php?rest_route=%2Fwp%2Fv2%2Fcomments&post=17724"}],"version-history":[{"count":0,"href":"https:\/\/agromt.news\/index.php?rest_route=\/wp\/v2\/posts\/17724\/revisions"}],"wp:featuredmedia":[{"embeddable":true,"href":"https:\/\/agromt.news\/index.php?rest_route=\/wp\/v2\/media\/17725"}],"wp:attachment":[{"href":"https:\/\/agromt.news\/index.php?rest_route=%2Fwp%2Fv2%2Fmedia&parent=17724"}],"wp:term":[{"taxonomy":"category","embeddable":true,"href":"https:\/\/agromt.news\/index.php?rest_route=%2Fwp%2Fv2%2Fcategories&post=17724"},{"taxonomy":"post_tag","embeddable":true,"href":"https:\/\/agromt.news\/index.php?rest_route=%2Fwp%2Fv2%2Ftags&post=17724"}],"curies":[{"name":"wp","href":"https:\/\/api.w.org\/{rel}","templated":true}]}}