{"id":17720,"date":"2025-07-30T15:11:45","date_gmt":"2025-07-30T19:11:45","guid":{"rendered":"https:\/\/agromt.news\/?p=17720"},"modified":"2025-07-30T15:11:45","modified_gmt":"2025-07-30T19:11:45","slug":"dois-avioes-da-forca-aerea-colidem-e-um-deles-cai-em-area-rural","status":"publish","type":"post","link":"https:\/\/agromt.news\/?p=17720","title":{"rendered":"Dois avi\u00f5es da For\u00e7a A\u00e9rea colidem e um deles cai em \u00e1rea rural"},"content":{"rendered":"<p> <br \/>\n<br \/><img decoding=\"async\" src=\"https:\/\/agromt.news\/wp-content\/uploads\/2025\/07\/Dois-avioes-da-Forca-Aerea-colidem-e-um-deles-cai.jpg\" \/><\/p>\n<div>\n<p>Dois avi\u00f5es da Esquadrilha da Fuma\u00e7a, que estavam em treinamento, colidiram na manh\u00e3 desta quarta-feira ( 30) entre as cidades de Descalvado e Porto Ferreira, no interior de S\u00e3o Paulo.<\/p>\n<figure class=\"wp-block-embed is-type-rich is-provider-instagram wp-block-embed-instagram\">\n<p><iframe title=\"Instagram frame\" loading=\"lazy\" height=\"628\" class=\"instagram-embed-iframe\" src=\"https:\/\/www.canalrural.com.br\/diversos\/dois-avioes-da-forca-aerea-colidem-e-um-deles-cai-em-area-rural\/about:blank\" allowtransparency=\"true\" frameborder=\"0\" scrolling=\"no\" onload=\"(function(o){window.instagramIframe = window.instagramIframe || []; window.instagramIframe.push(o);})(this)\" style=\"border: 0px; margin: 0 auto; max-width: 658px; width: calc(100% - 2px); border-radius: 4px; box-shadow: rgba(0, 0, 0, 0.498039) 0px 0px 1px 0px, rgba(0, 0, 0, 0.14902) 0px 1px 10px 0px; display: block; padding: 0px; background: rgb(255, 255, 255);\" data-rocket-lazyload=\"fitvidscompatible\" data-lazy-src=\"https:\/\/www.instagram.com\/p\/DMvfujbpEqG\/embed\/\"><\/iframe><noscript><iframe title=\"Instagram frame\" loading=\"lazy\" height=\"628\" class=\"instagram-embed-iframe\" src=\"https:\/\/www.instagram.com\/p\/DMvfujbpEqG\/embed\/\" allowtransparency=\"true\" frameborder=\"0\" scrolling=\"no\" onload=\"(function(o){window.instagramIframe = window.instagramIframe || []; window.instagramIframe.push(o);})(this)\" style=\"border: 0px; margin: 0 auto; max-width: 658px; width: calc(100% - 2px); border-radius: 4px; box-shadow: rgba(0, 0, 0, 0.498039) 0px 0px 1px 0px, rgba(0, 0, 0, 0.14902) 0px 1px 10px 0px; display: block; padding: 0px; background: rgb(255, 255, 255);\"><\/iframe><\/noscript><\/p>\n<\/figure>\n<p>De acordo com informa\u00e7\u00f5es da For\u00e7a A\u00e9rea Brasileira (FAB) , os pilotos n\u00e3o se feriram. Um dos pilotos conseguiu se ejetar e o outro pousou em seguran\u00e7a. Imagens que circulam nas redes sociais mostram os destro\u00e7os da aeronave A-29 Super Tucano que caiu em uma \u00e1rea rural entre os munic\u00edpios de Descalvado e Porto Ferreira.<\/p>\n<\/div>\n<div>\n<p><em>Veja em primeira m\u00e3o tudo sobre agricultura, pecu\u00e1ria, economia e previs\u00e3o do tempo:<\/em><a href=\"https:\/\/news.google.com\/publications\/CAAqBwgKMPKZlQswq_mqAw?hl=pt-BR&amp;gl=BR&amp;ceid=BR%3Apt-419\" target=\"_blank\" rel=\"noreferrer noopener\"><em>\u00a0siga o Canal Rural no Google News!<\/em><\/a><\/p>\n<p>Ainda segundo informa\u00e7\u00f5es da FAB, o piloto que se ejetou est\u00e1 bem, mas passa por avalia\u00e7\u00f5es m\u00e9dicas. As investiga\u00e7\u00e3o sobre o acidente ser\u00e3o conduzidas pelo Cenipa (Centro de Investiga\u00e7\u00e3o e Preven\u00e7\u00e3o de Acidentes Aeron\u00e1uticos).<\/p>\n<\/p><\/div>\n<p><script async src=\"\/\/www.instagram.com\/embed.js\"><\/script><br \/>\n<br \/><br \/>\n<br \/><a href=\"https:\/\/www.canalrural.com.br\/diversos\/dois-avioes-da-forca-aerea-colidem-e-um-deles-cai-em-area-rural\/\">Source link <\/a><\/p>\n","protected":false},"excerpt":{"rendered":"<p>Dois avi\u00f5es da Esquadrilha da Fuma\u00e7a, que estavam em treinamento, colidiram na manh\u00e3 desta quarta-feira ( 30) entre as cidades<\/p>\n","protected":false},"author":1,"featured_media":17721,"comment_status":"open","ping_status":"open","sticky":false,"template":"","format":"standard","meta":{"_monsterinsights_skip_tracking":false,"_monsterinsights_sitenote_active":false,"_monsterinsights_sitenote_note":"","_monsterinsights_sitenote_category":0,"_uf_show_specific_survey":0,"_uf_disable_surveys":false,"footnotes":""},"categories":[1],"tags":[],"class_list":["post-17720","post","type-post","status-publish","format-standard","has-post-thumbnail","hentry","category-news"],"_links":{"self":[{"href":"https:\/\/agromt.news\/index.php?rest_route=\/wp\/v2\/posts\/17720"}],"collection":[{"href":"https:\/\/agromt.news\/index.php?rest_route=\/wp\/v2\/posts"}],"about":[{"href":"https:\/\/agromt.news\/index.php?rest_route=\/wp\/v2\/types\/post"}],"author":[{"embeddable":true,"href":"https:\/\/agromt.news\/index.php?rest_route=\/wp\/v2\/users\/1"}],"replies":[{"embeddable":true,"href":"https:\/\/agromt.news\/index.php?rest_route=%2Fwp%2Fv2%2Fcomments&post=17720"}],"version-history":[{"count":0,"href":"https:\/\/agromt.news\/index.php?rest_route=\/wp\/v2\/posts\/17720\/revisions"}],"wp:featuredmedia":[{"embeddable":true,"href":"https:\/\/agromt.news\/index.php?rest_route=\/wp\/v2\/media\/17721"}],"wp:attachment":[{"href":"https:\/\/agromt.news\/index.php?rest_route=%2Fwp%2Fv2%2Fmedia&parent=17720"}],"wp:term":[{"taxonomy":"category","embeddable":true,"href":"https:\/\/agromt.news\/index.php?rest_route=%2Fwp%2Fv2%2Fcategories&post=17720"},{"taxonomy":"post_tag","embeddable":true,"href":"https:\/\/agromt.news\/index.php?rest_route=%2Fwp%2Fv2%2Ftags&post=17720"}],"curies":[{"name":"wp","href":"https:\/\/api.w.org\/{rel}","templated":true}]}}