{"id":1772,"date":"2024-09-17T19:04:01","date_gmt":"2024-09-17T23:04:01","guid":{"rendered":"https:\/\/agromt.news\/?p=1772"},"modified":"2024-09-17T19:04:01","modified_gmt":"2024-09-17T23:04:01","slug":"mercado-de-trabalho-dos-eua-pode-estar-proximo-de-ponto-de-inflexao-aponta","status":"publish","type":"post","link":"https:\/\/agromt.news\/?p=1772","title":{"rendered":"Mercado de trabalho dos EUA pode estar pr\u00f3ximo de ponto de inflex\u00e3o, aponta&#8230;"},"content":{"rendered":"<p> <br \/>\n<\/p>\n<div>\n<p><img decoding=\"async\" alt=\"Logotipo Reuters\" height=\"22\" src=\"https:\/\/cdn.noticiasagricolas.com.br\/dbimagens\/0f687b0f35da9d220b6477534ce7c667.gif\" width=\"71\"\/><\/p>\n<p><img decoding=\"async\" alt=\"\" src=\"https:\/\/rmb.reuters.com\/rmd\/rss\/content\/tag:reuters.com,2024:newsml_LYNXMPEK7M0QU:1\/tag:reuters.com,2024:binary_LYNXMPEK7M0QU-VIEWIMAGE\"\/>Por Howard Schneider<\/p>\n<p>JACKSON HOLE, Wyoming (Reuters) &#8211; Como a infla\u00e7\u00e3o caiu rapidamente em 2023 e continuou a desacelerar este ano, autoridades do Federal Reserve ficaram animadas com o fato de que a economia dos EUA parecer estar perdendo for\u00e7a n\u00e3o por meio do aumento do desemprego, mas sim por um decl\u00ednio no grande n\u00famero de vagas de emprego que as empresas publicaram durante o pico da escassez de m\u00e3o de obra da era pand\u00eamica.<\/p>\n<p>No entanto, a economia pode estar agora pr\u00f3xima de um ponto de inflex\u00e3o em que uma queda cont\u00ednua nas vagas de emprego se traduzir\u00e1 em aumentos mais r\u00e1pidos no desemprego, um argumento a favor de o Fed come\u00e7ar a cortar a taxa de juros para proteger o mercado de trabalho, de acordo com uma nova pesquisa apresentada nesta sexta-feira na confer\u00eancia econ\u00f4mica anual do Fed de Kansas City em Jackson Hole, Wyoming.<\/p>\n<p>Autoridades enfrentam dois riscos: serem lentos demais para flexibilizar a pol\u00edtica monet\u00e1ria, podendo causar um &#8220;pouso for\u00e7ado&#8221; com desemprego elevado (&#8230;) ou cortar os juros prematuramente, deixando a economia vulner\u00e1vel&#8221; ao aumento da infla\u00e7\u00e3o, escreveram os economistas Pierpaolo Benigno, da Universidade de Berna, e Gauti B. Eggertsson, da Universidade de Brown, em seu trabalho de pesquisa. Com base em sua nova an\u00e1lise do mercado de trabalho, &#8220;nossa avalia\u00e7\u00e3o atual sugere que o primeiro risco supera o segundo&#8221;.<\/p>\n<p>Autoridades do Fed parecem ter chegado \u00e0 mesma conclus\u00e3o, com a expectativa de que as redu\u00e7\u00f5es da taxa de juros de refer\u00eancia do banco central dos EUA comecem na reuni\u00e3o de 17 e 18 de setembro e provavelmente continuem nas sess\u00f5es seguintes.<\/p>\n<p>A pesquisa sugere, por exemplo, que quando os mercados de trabalho est\u00e3o frouxos, formuladores de pol\u00edtica monet\u00e1ria podem continuar a considerar os choques de oferta como de menor import\u00e2ncia para a infla\u00e7\u00e3o subjacente e para a pol\u00edtica monet\u00e1ria adequada. Eles concluem que \u00e9 preciso uma combina\u00e7\u00e3o de problemas de oferta e mercados de trabalho apertados para gerar o tipo de aumento persistente da infla\u00e7\u00e3o que os EUA acabaram de experimentar.<\/p>\n<p>Isso tamb\u00e9m acrescenta uma dose de cautela a um debate que est\u00e1 em andamento no Fed h\u00e1 anos sobre o que constitui o n\u00edvel m\u00e1ximo de emprego que \u00e9 consistente com a meta de infla\u00e7\u00e3o de 2% do banco central &#8212; o Congresso norte-americano tornou o Fed respons\u00e1vel por ambos os objetivos &#8212; e quais riscos os formuladores de pol\u00edtica monet\u00e1ria podem precisar assumir com o mercado de trabalho para manter a infla\u00e7\u00e3o baixa e est\u00e1vel.<\/p>\n<p>A resposta, sugere a pesquisa, \u00e9 que isso depende muito da demanda e da oferta de m\u00e3o de obra subjacentes, que Benigno e Eggertsson captam ao se concentrarem menos na taxa de desemprego em si e mais na propor\u00e7\u00e3o de vagas de emprego em rela\u00e7\u00e3o ao n\u00famero de pessoas que procuram trabalho.<\/p>\n<p>Quando o n\u00famero de vagas e o n\u00famero de pessoas desempregadas que procuram emprego est\u00e3o pr\u00f3ximos do equil\u00edbrio, domar um surto de infla\u00e7\u00e3o envolve um grande aumento no desemprego, como aconteceu na d\u00e9cada de 1970, quando os EUA tiveram infla\u00e7\u00e3o e desemprego altos simultaneamente.<\/p>\n<p>Por outro lado, quando o mercado de trabalho est\u00e1 apertado, com a demanda por trabalhadores alta em rela\u00e7\u00e3o ao seu n\u00famero, &#8220;o custo da redu\u00e7\u00e3o da infla\u00e7\u00e3o em termos de aumento do desemprego \u00e9 relativamente baixo&#8221;, conclu\u00edram os pesquisadores.<\/p>\n<p>A m\u00e9trica de vagas de emprego para desempregados tornou-se importante nas recentes discuss\u00f5es do banco central dos EUA, um foco dos formuladores de pol\u00edtica monet\u00e1ria e do chair do Fed, Jerome Powell, em particular, quando ultrapassou a marca de 2 para 1 durante a reabertura da pandemia da Covid-19, com as empresas publicando dois empregos para cada pessoa dispon\u00edvel.<\/p>\n<\/div>\n<p><script async defer src=\"https:\/\/connect.facebook.net\/en_US\/sdk.js\" type=\"44e8670802470103a993c0f4-text\/javascript\"><\/script><script type=\"44e8670802470103a993c0f4-text\/javascript\">\n  !function(f,b,e,v,n,t,s)\n  {if(f.fbq)return;n=f.fbq=function(){n.callMethod?\n    n.callMethod.apply(n,arguments):n.queue.push(arguments)};\n    if(!f._fbq)f._fbq=n;n.push=n;n.loaded=!0;n.version='2.0';\n    n.queue=[];t=b.createElement(e);t.async=!0;\n    t.src=v;s=b.getElementsByTagName(e)[0];\n    s.parentNode.insertBefore(t,s)}(window, document,'script',\n    'https:\/\/connect.facebook.net\/en_US\/fbevents.js');\n  fbq('init', '153495679422335');\n  fbq('track', 'PageView');\n<\/script><br \/>\n<br \/><br \/>\n<br \/><a href=\"https:\/\/www.noticiasagricolas.com.br\/noticias\/politica-economia\/383532-mercado-de-trabalho-dos-eua-pode-estar-proximo-de-ponto-de-inflexao-aponta-pesquisa.html\">Source link <\/a><\/p>\n","protected":false},"excerpt":{"rendered":"<p>Por Howard Schneider JACKSON HOLE, Wyoming (Reuters) &#8211; Como a infla\u00e7\u00e3o caiu rapidamente em 2023 e continuou a desacelerar este<\/p>\n","protected":false},"author":1,"featured_media":1773,"comment_status":"open","ping_status":"open","sticky":false,"template":"","format":"standard","meta":{"_monsterinsights_skip_tracking":false,"_monsterinsights_sitenote_active":false,"_monsterinsights_sitenote_note":"","_monsterinsights_sitenote_category":0,"_uf_show_specific_survey":0,"_uf_disable_surveys":false,"footnotes":""},"categories":[8,1,14,16],"tags":[],"class_list":["post-1772","post","type-post","status-publish","format-standard","has-post-thumbnail","hentry","category-agro","category-news","category-politica-agro","category-safra"],"_links":{"self":[{"href":"https:\/\/agromt.news\/index.php?rest_route=\/wp\/v2\/posts\/1772"}],"collection":[{"href":"https:\/\/agromt.news\/index.php?rest_route=\/wp\/v2\/posts"}],"about":[{"href":"https:\/\/agromt.news\/index.php?rest_route=\/wp\/v2\/types\/post"}],"author":[{"embeddable":true,"href":"https:\/\/agromt.news\/index.php?rest_route=\/wp\/v2\/users\/1"}],"replies":[{"embeddable":true,"href":"https:\/\/agromt.news\/index.php?rest_route=%2Fwp%2Fv2%2Fcomments&post=1772"}],"version-history":[{"count":0,"href":"https:\/\/agromt.news\/index.php?rest_route=\/wp\/v2\/posts\/1772\/revisions"}],"wp:featuredmedia":[{"embeddable":true,"href":"https:\/\/agromt.news\/index.php?rest_route=\/wp\/v2\/media\/1773"}],"wp:attachment":[{"href":"https:\/\/agromt.news\/index.php?rest_route=%2Fwp%2Fv2%2Fmedia&parent=1772"}],"wp:term":[{"taxonomy":"category","embeddable":true,"href":"https:\/\/agromt.news\/index.php?rest_route=%2Fwp%2Fv2%2Fcategories&post=1772"},{"taxonomy":"post_tag","embeddable":true,"href":"https:\/\/agromt.news\/index.php?rest_route=%2Fwp%2Fv2%2Ftags&post=1772"}],"curies":[{"name":"wp","href":"https:\/\/api.w.org\/{rel}","templated":true}]}}