{"id":17715,"date":"2025-07-30T12:59:55","date_gmt":"2025-07-30T16:59:55","guid":{"rendered":"https:\/\/agromt.news\/?p=17715"},"modified":"2025-07-30T12:59:55","modified_gmt":"2025-07-30T16:59:55","slug":"governo-estuda-subsidiar-pequenos-empreendedores-que-exportam-para-os-eua","status":"publish","type":"post","link":"https:\/\/agromt.news\/?p=17715","title":{"rendered":"Governo estuda subsidiar pequenos empreendedores que exportam para os EUA"},"content":{"rendered":"<p> <br \/>\n<br \/><img decoding=\"async\" src=\"https:\/\/agromt.news\/wp-content\/uploads\/2025\/07\/Governo-estuda-subsidiar-pequenos-empreendedores-que-exportam-para-os-EUA.jpg\" \/><\/p>\n<div>\n<p>M\u00e1rcio Fran\u00e7a, ministro do Empreendedorismo, da Microempresa e da Empresa de Pequeno Porte, disse nesta quarta-feira (30) que o governo estuda a possibilidade de subsidiar a produ\u00e7\u00e3o de pequenos empreendedores que seria inicialmente destinada aos EUA, de forma que ela seja consumida ou vendida nacionalmente.<\/p>\n<p>Em entrevista a emissoras de r\u00e1dio durante o programa <em>Bom Dia, Ministro<\/em>, Fran\u00e7a explicou que a medida seria uma forma mitigar os efeitos das tarifas de 50% sobre produtos brasileiros anunciadas pelo presidente dos EUA, Donald Trump, e classificadas por ele como \u201cboicote\u201d.<\/p>\n<p>\u201cEstamos pensando em solu\u00e7\u00f5es para bens perec\u00edveis, aqueles que estragam mais depressa. Imagina peixe, por exemplo. No Cear\u00e1, mais de 50% das exporta\u00e7\u00f5es do estado de peixe v\u00e3o para os Estados Unidos. S\u00e3o peixes sofisticados, atuns, lagostas, camar\u00f5es. Esse tipo de produto \u00e9 dif\u00edcil voc\u00ea reencaixar.\u201d<\/p>\n<p>O ministro afirmou que sugeriu ao vice-presidente, que lidera as <a href=\"https:\/\/www.canalrural.com.br\/politica\/alckmin-conversou-com-secretario-de-comercio-dos-eua-e-reforcou-necessidade-de-negociacao\/\">negocia\u00e7\u00f5es relacionadas ao tarifa\u00e7o<\/a>, que os pequenos empreendedores possam ser priorizados. \u201cMinha sugest\u00e3o ao vice-presidente [Geraldo] Alckmin e tamb\u00e9m ao presidente Lula \u00e9 que, nesses casos, como os valores s\u00e3o pequenos perto do todo, perto de um avi\u00e3o ou de uma laranja, \u00e9 que a gente possa subsidiar e colocar na rede p\u00fablica, de merenda, de alimenta\u00e7\u00e3o\u201d, comparou.<\/p>\n<\/div>\n<div>\n<p>Segundo o ministro, cerca de 20 mil pequenos empreendedores brasileiros atualmente exportam sua produ\u00e7\u00e3o para os Estados Unidos \u2013 dos US$ 40 bilh\u00f5es exportados todos os anos para o territ\u00f3rio norte-americano, eles representam 0,8%. \u201cS\u00e3o pequenos produtores de alho, mel, peixes. Alguns, de frutas como a\u00e7a\u00ed, por exemplo\u201d, enumerou. \u201c\u00c9 um valor pequeno, que n\u00e3o \u00e9 t\u00e3o relevante pra voc\u00ea subsidiar. Pelo menos, tentar ajudar essas pessoas primeiro. Um peixe, para voc\u00ea armazenar e congelar durante um bom per\u00edodo, custa mais caro que o pre\u00e7o do pr\u00f3prio peixe. N\u00e3o compensa\u201d, disse.<\/p>\n<p><em>Veja em primeira m\u00e3o tudo sobre agricultura, pecu\u00e1ria, economia e previs\u00e3o do tempo:<\/em><a href=\"https:\/\/news.google.com\/publications\/CAAqBwgKMPKZlQswq_mqAw?hl=pt-BR&amp;gl=BR&amp;ceid=BR%3Apt-419\" target=\"_blank\" rel=\"noreferrer noopener\"><em>\u00a0siga o Canal Rural no Google News!<\/em><\/a><\/p>\n<p>Na avalia\u00e7\u00e3o dele, o subs\u00eddio seria importante at\u00e9 que fosse poss\u00edvel redirecionar a produ\u00e7\u00e3o a outros mercados. \u201cDepois, com o tempo, a gente vai se reencaixando em outros mercados e a\u00ed vamos tocar a nossa vida. Tem que estar preparado para tudo. Quando voc\u00ea trata com gente normal, vai tratar com medidas normais. Quando voc\u00ea trata com doidice\u2026 Como voc\u00ea vai tratar com um doido? Voc\u00ea tem que tentar amenizar, colocar algod\u00e3o para que os cristais quebrem menos\u201d, afirmou, em refer\u00eancia \u00e0s dificuldades que o Brasil tem encontrado para dialogar com o governo norte-americano e chegar a termos razo\u00e1veis de negocia\u00e7\u00e3o, baseados em aspectos econ\u00f4micos.<\/p>\n<\/p><\/div>\n<p><br \/>\n<br \/><a href=\"https:\/\/www.canalrural.com.br\/nacional\/governo-estuda-subsidiar-pequenos-empreendedores-que-exportam-para-os-eua\/\">Source link <\/a><\/p>\n","protected":false},"excerpt":{"rendered":"<p>M\u00e1rcio Fran\u00e7a, ministro do Empreendedorismo, da Microempresa e da Empresa de Pequeno Porte, disse nesta quarta-feira (30) que o governo<\/p>\n","protected":false},"author":1,"featured_media":17716,"comment_status":"open","ping_status":"open","sticky":false,"template":"","format":"standard","meta":{"_monsterinsights_skip_tracking":false,"_monsterinsights_sitenote_active":false,"_monsterinsights_sitenote_note":"","_monsterinsights_sitenote_category":0,"_uf_show_specific_survey":0,"_uf_disable_surveys":false,"footnotes":""},"categories":[1],"tags":[],"class_list":["post-17715","post","type-post","status-publish","format-standard","has-post-thumbnail","hentry","category-news"],"_links":{"self":[{"href":"https:\/\/agromt.news\/index.php?rest_route=\/wp\/v2\/posts\/17715"}],"collection":[{"href":"https:\/\/agromt.news\/index.php?rest_route=\/wp\/v2\/posts"}],"about":[{"href":"https:\/\/agromt.news\/index.php?rest_route=\/wp\/v2\/types\/post"}],"author":[{"embeddable":true,"href":"https:\/\/agromt.news\/index.php?rest_route=\/wp\/v2\/users\/1"}],"replies":[{"embeddable":true,"href":"https:\/\/agromt.news\/index.php?rest_route=%2Fwp%2Fv2%2Fcomments&post=17715"}],"version-history":[{"count":0,"href":"https:\/\/agromt.news\/index.php?rest_route=\/wp\/v2\/posts\/17715\/revisions"}],"wp:featuredmedia":[{"embeddable":true,"href":"https:\/\/agromt.news\/index.php?rest_route=\/wp\/v2\/media\/17716"}],"wp:attachment":[{"href":"https:\/\/agromt.news\/index.php?rest_route=%2Fwp%2Fv2%2Fmedia&parent=17715"}],"wp:term":[{"taxonomy":"category","embeddable":true,"href":"https:\/\/agromt.news\/index.php?rest_route=%2Fwp%2Fv2%2Fcategories&post=17715"},{"taxonomy":"post_tag","embeddable":true,"href":"https:\/\/agromt.news\/index.php?rest_route=%2Fwp%2Fv2%2Ftags&post=17715"}],"curies":[{"name":"wp","href":"https:\/\/api.w.org\/{rel}","templated":true}]}}