{"id":17714,"date":"2025-07-30T12:45:00","date_gmt":"2025-07-30T16:45:00","guid":{"rendered":"https:\/\/agromt.news\/?p=17714"},"modified":"2025-07-30T12:45:00","modified_gmt":"2025-07-30T16:45:00","slug":"trump-disse-que-nao-ira-prorrogar-prazo-para-implementar-tarifaco","status":"publish","type":"post","link":"https:\/\/agromt.news\/?p=17714","title":{"rendered":"Trump disse que n\u00e3o ir\u00e1 prorrogar prazo para implementar tarifa\u00e7o"},"content":{"rendered":"<p> <br \/>\n<br \/><img decoding=\"async\" src=\"https:\/\/agromt.news\/wp-content\/uploads\/2025\/04\/Trump-afirma-que-EUA-estao-arrecadando-US-2-bilhoes-por.jpg\" \/><\/p>\n<div>\n<p>O presidente dos EUA, Donald Trump, declarou nesta quarta-feira (30) que o prazo de 1\u00ba de agosto para a aplica\u00e7\u00e3o das <a href=\"https:\/\/www.canalrural.com.br\/economia\/trump-fala-em-taxacao-global-e-pressiona-china-por-abertura-de-mercado\/\">tarifas rec\u00edprocas aos parceiros comerciais<\/a> restantes n\u00e3o ser\u00e1 prorrogado.<\/p>\n<p>Em mensagem publicada em sua plataforma de redes sociais, a Truth Social, Trump afirmou em letras mai\u00fasculas que \u201co prazo de primeiro de agosto \u00e9 o prazo de primeiro de agosto ele permanece firme e n\u00e3o ser\u00e1 estendido. Um grande dia para a Am\u00e9rica!!!\u201d<\/p>\n<h2 class=\"wp-block-heading\" id=\"h-india\">\u00cdndia<\/h2>\n<p>Trump tamb\u00e9m se manifestou sobre a \u00cdndia nesta quarta-feira nas redes sociais. O presidente norte- amerciando disse que o pa\u00eds imp\u00f5e tarifas excessivamente altas sobre produtos norte-americanos e continua comprando petr\u00f3leo da R\u00fassia, apesar da guerra na Ucr\u00e2nia. Segundo Trump, essas pr\u00e1ticas s\u00e3o prejudiciais aos interesses dos EUA e ao esfor\u00e7o internacional de press\u00e3o contra Moscou.<\/p>\n<\/div>\n<div>\n<p><em>Veja em primeira m\u00e3o tudo sobre agricultura, pecu\u00e1ria, economia e previs\u00e3o do tempo:<\/em><a href=\"https:\/\/news.google.com\/publications\/CAAqBwgKMPKZlQswq_mqAw?hl=pt-BR&amp;gl=BR&amp;ceid=BR%3Apt-419\" target=\"_blank\" rel=\"noreferrer noopener\"><em>\u00a0siga o Canal Rural no Google News!<\/em><\/a><\/p>\n<p>\u201cEmbora a \u00cdndia seja nossa amiga, ao longo dos anos tivemos relativamente poucos neg\u00f3cios com eles porque suas tarifas s\u00e3o muito altas \u2013 entre as mais altas do mundo \u2013 e eles mant\u00eam algumas das barreiras comerciais n\u00e3o-monet\u00e1rias mais r\u00edgidas e dif\u00edceis que j\u00e1 vi\u201d, escreveu Trump.<\/p>\n<p>Ele tamb\u00e9m criticou o fato de Nova D\u00e9lhi continuar adquirindo armamentos russos e ser, junto com a China, um dos maiores compradores de energia da R\u00fassia: \u201cEles sempre compraram a maior parte do seu equipamento militar da R\u00fassia e hoje s\u00e3o um dos principais compradores de energia russa, num momento em que o mundo quer que a R\u00fassia pare com a matan\u00e7a na Ucr\u00e2nia. Tudo isso n\u00e3o \u00e9 bom!\u201d<\/p>\n<\/p><\/div>\n<p><br \/>\n<br \/><a href=\"https:\/\/www.canalrural.com.br\/economia\/trump-disse-que-nao-ira-prorrogar-prazo-para-implementar-tarifaco\/\">Source link <\/a><\/p>\n","protected":false},"excerpt":{"rendered":"<p>O presidente dos EUA, Donald Trump, declarou nesta quarta-feira (30) que o prazo de 1\u00ba de agosto para a aplica\u00e7\u00e3o<\/p>\n","protected":false},"author":1,"featured_media":12145,"comment_status":"open","ping_status":"open","sticky":false,"template":"","format":"standard","meta":{"_monsterinsights_skip_tracking":false,"_monsterinsights_sitenote_active":false,"_monsterinsights_sitenote_note":"","_monsterinsights_sitenote_category":0,"_uf_show_specific_survey":0,"_uf_disable_surveys":false,"footnotes":""},"categories":[1],"tags":[],"class_list":["post-17714","post","type-post","status-publish","format-standard","has-post-thumbnail","hentry","category-news"],"_links":{"self":[{"href":"https:\/\/agromt.news\/index.php?rest_route=\/wp\/v2\/posts\/17714"}],"collection":[{"href":"https:\/\/agromt.news\/index.php?rest_route=\/wp\/v2\/posts"}],"about":[{"href":"https:\/\/agromt.news\/index.php?rest_route=\/wp\/v2\/types\/post"}],"author":[{"embeddable":true,"href":"https:\/\/agromt.news\/index.php?rest_route=\/wp\/v2\/users\/1"}],"replies":[{"embeddable":true,"href":"https:\/\/agromt.news\/index.php?rest_route=%2Fwp%2Fv2%2Fcomments&post=17714"}],"version-history":[{"count":0,"href":"https:\/\/agromt.news\/index.php?rest_route=\/wp\/v2\/posts\/17714\/revisions"}],"wp:featuredmedia":[{"embeddable":true,"href":"https:\/\/agromt.news\/index.php?rest_route=\/wp\/v2\/media\/12145"}],"wp:attachment":[{"href":"https:\/\/agromt.news\/index.php?rest_route=%2Fwp%2Fv2%2Fmedia&parent=17714"}],"wp:term":[{"taxonomy":"category","embeddable":true,"href":"https:\/\/agromt.news\/index.php?rest_route=%2Fwp%2Fv2%2Fcategories&post=17714"},{"taxonomy":"post_tag","embeddable":true,"href":"https:\/\/agromt.news\/index.php?rest_route=%2Fwp%2Fv2%2Ftags&post=17714"}],"curies":[{"name":"wp","href":"https:\/\/api.w.org\/{rel}","templated":true}]}}