{"id":17712,"date":"2025-07-30T12:28:53","date_gmt":"2025-07-30T16:28:53","guid":{"rendered":"https:\/\/agromt.news\/?p=17712"},"modified":"2025-07-30T12:28:53","modified_gmt":"2025-07-30T16:28:53","slug":"ze-neto-realiza-1o-leilao-de-elite-com-genetica-e-raizes-no-campo-2","status":"publish","type":"post","link":"https:\/\/agromt.news\/?p=17712","title":{"rendered":"Z\u00e9 Neto realiza 1\u00ba leil\u00e3o de elite com gen\u00e9tica e ra\u00edzes no campo"},"content":{"rendered":"<p> <br \/>\n<\/p>\n<div>\n<p>O cantor sertanejo Z\u00e9 Neto, da dupla com Cristiano, realiza nesta quarta-feira (30), \u00e0s 20h, o 1\u00ba Leil\u00e3o Elite Cheiro de Terra, pelo seu criat\u00f3rio Nelore Joy. O evento ser\u00e1 realizado em S\u00e3o Jos\u00e9 do Rio Preto (SP), <strong>com transmiss\u00e3o ao vivo pelo Canal do Criador e pelo aplicativo Lance Rural<\/strong>.<\/p>\n<p>Inspirado pelas lembran\u00e7as da inf\u00e2ncia e pelos valores aprendidos na ro\u00e7a, o artista leva para a pista uma sele\u00e7\u00e3o de animais de gen\u00e9tica apurada, reunindo tradi\u00e7\u00e3o, emo\u00e7\u00e3o e tecnologia no mesmo projeto.<\/p>\n<h2 class=\"wp-block-heading\" id=\"h-lembrancas-do-campo\">Lembran\u00e7as do campo<\/h2>\n<p>Em entrevista ao <a href=\"https:\/\/canaldocriador.com.br\/\">Canal do Criador<\/a>, Z\u00e9 Neto contou que sua liga\u00e7\u00e3o com a pecu\u00e1ria come\u00e7ou cedo, ainda na inf\u00e2ncia, quando vivia com a fam\u00edlia no s\u00edtio.<\/p>\n<figure class=\"wp-block-image\"><img fetchpriority=\"high\" decoding=\"async\" width=\"1242\" height=\"1161\" alt=\"Leilao Cheiro de Terra com Z\u00e9 Neto\" class=\"wp-image-4114177\"  data-lazy- src=\"https:\/\/agromt.news\/wp-content\/uploads\/2025\/07\/Ze-Neto-realiza-1o-leilao-de-elite-com-genetica-e.jpeg\"\/><img decoding=\"async\" width=\"1242\" height=\"1161\" src=\"https:\/\/agromt.news\/wp-content\/uploads\/2025\/07\/Ze-Neto-realiza-1o-leilao-de-elite-com-genetica-e.jpeg\" alt=\"Leilao Cheiro de Terra com Z\u00e9 Neto\" class=\"wp-image-4114177\"  \/><figcaption class=\"wp-element-caption\">FOTO: Divulga\u00e7\u00e3o l Canal do Criador<\/figcaption><\/figure>\n<p>\u201cUma das imagens mais fortes que me v\u00eam \u00e9 da primeira bezerrinha que comprei. Depois de muito tempo buscando lavagem com meu pai, tratando de porco\u2026 Eu lembro at\u00e9 hoje. Tudo que nos remete ao passado \u00e9 muito bom. Relembrar \u00e9 viver\u201d, relembra.<\/p>\n<\/div>\n<div>\n<p>Segundo ele, os pais foram fundamentais nesse processo: \u201cMeu pai e minha m\u00e3e com certeza foram os doutrinadores da minha vida no campo, sem d\u00favida nenhuma.\u201d<\/p>\n<h2 class=\"wp-block-heading\" id=\"h-valores-da-roca-na-pista\">Valores da ro\u00e7a na pista<\/h2>\n<p>Mais do que vender animais, o Cheiro de Terra representa a ess\u00eancia do criador. \u201cO mais importante de tudo \u00e9 o que te faz feliz, n\u00e3o \u00e9 o ter, \u00e9 o ser. Essa \u00e9 a ess\u00eancia da nossa bagagem l\u00e1 do s\u00edtio\u201d, afirma o artista.<\/p>\n<p>Com linguagem simples e direta, Z\u00e9 Neto convida os apaixonados por gen\u00e9tica para acompanhar o leil\u00e3o. \u201cN\u00e3o \u00e9 porque \u00e9 meu n\u00e3o, mas o neg\u00f3cio t\u00e1 t\u00e3o bom, que at\u00e9 o barulho de foguete vai parecer silencioso perto do que vai rolar aqui.\u201d<\/p>\n<figure class=\"wp-block-image\"><img decoding=\"async\" width=\"1242\" height=\"1353\" alt=\"Z\u00e9 Neto estreia nos leil\u00f5es com o Cheiro de Terra em S\u00e3o Jos\u00e9 do Rio Preto\" class=\"wp-image-4114179\"  data-lazy- src=\"https:\/\/agromt.news\/wp-content\/uploads\/2025\/07\/1753892056_991_Ze-Neto-realiza-1o-leilao-de-elite-com-genetica-e.jpeg\"\/><img loading=\"lazy\" decoding=\"async\" width=\"1242\" height=\"1353\" src=\"https:\/\/agromt.news\/wp-content\/uploads\/2025\/07\/1753892056_991_Ze-Neto-realiza-1o-leilao-de-elite-com-genetica-e.jpeg\" alt=\"Z\u00e9 Neto estreia nos leil\u00f5es com o Cheiro de Terra em S\u00e3o Jos\u00e9 do Rio Preto\" class=\"wp-image-4114179\"  \/><figcaption class=\"wp-element-caption\">FOTO: Divulga\u00e7\u00e3o l Nelore Joy<\/figcaption><\/figure>\n<h2 class=\"wp-block-heading\" id=\"h-pecuaria-e-musica-de-maos-dadas\">Pecu\u00e1ria e m\u00fasica de m\u00e3os dadas<\/h2>\n<p>Com o Cheiro de Terra, Z\u00e9 Neto passa a integrar um grupo cada vez maior de artistas do sertanejo que encontraram na pecu\u00e1ria uma extens\u00e3o de suas ra\u00edzes e um novo campo para investir. <strong>Leonardo<\/strong>, <strong>Henrique &amp; Juliano<\/strong>, <strong>Murilo Huff<\/strong> e outros nomes j\u00e1 promovem ou participam de remates, mostrando que o palco e o curral t\u00eam muito em comum: paix\u00e3o, dedica\u00e7\u00e3o e presen\u00e7a de p\u00fablico.<\/p>\n<\/p><\/div>\n<p><br \/>\n<br \/><a href=\"https:\/\/www.canalrural.com.br\/pecuaria\/ze-neto-leilao-elite-genetica-raizes-campo\/\">Source link <\/a><\/p>\n","protected":false},"excerpt":{"rendered":"<p>O cantor sertanejo Z\u00e9 Neto, da dupla com Cristiano, realiza nesta quarta-feira (30), \u00e0s 20h, o 1\u00ba Leil\u00e3o Elite Cheiro<\/p>\n","protected":false},"author":1,"featured_media":17711,"comment_status":"open","ping_status":"open","sticky":false,"template":"","format":"standard","meta":{"_monsterinsights_skip_tracking":false,"_monsterinsights_sitenote_active":false,"_monsterinsights_sitenote_note":"","_monsterinsights_sitenote_category":0,"_uf_show_specific_survey":0,"_uf_disable_surveys":false,"footnotes":""},"categories":[1],"tags":[],"class_list":["post-17712","post","type-post","status-publish","format-standard","has-post-thumbnail","hentry","category-news"],"_links":{"self":[{"href":"https:\/\/agromt.news\/index.php?rest_route=\/wp\/v2\/posts\/17712"}],"collection":[{"href":"https:\/\/agromt.news\/index.php?rest_route=\/wp\/v2\/posts"}],"about":[{"href":"https:\/\/agromt.news\/index.php?rest_route=\/wp\/v2\/types\/post"}],"author":[{"embeddable":true,"href":"https:\/\/agromt.news\/index.php?rest_route=\/wp\/v2\/users\/1"}],"replies":[{"embeddable":true,"href":"https:\/\/agromt.news\/index.php?rest_route=%2Fwp%2Fv2%2Fcomments&post=17712"}],"version-history":[{"count":0,"href":"https:\/\/agromt.news\/index.php?rest_route=\/wp\/v2\/posts\/17712\/revisions"}],"wp:featuredmedia":[{"embeddable":true,"href":"https:\/\/agromt.news\/index.php?rest_route=\/wp\/v2\/media\/17711"}],"wp:attachment":[{"href":"https:\/\/agromt.news\/index.php?rest_route=%2Fwp%2Fv2%2Fmedia&parent=17712"}],"wp:term":[{"taxonomy":"category","embeddable":true,"href":"https:\/\/agromt.news\/index.php?rest_route=%2Fwp%2Fv2%2Fcategories&post=17712"},{"taxonomy":"post_tag","embeddable":true,"href":"https:\/\/agromt.news\/index.php?rest_route=%2Fwp%2Fv2%2Ftags&post=17712"}],"curies":[{"name":"wp","href":"https:\/\/api.w.org\/{rel}","templated":true}]}}