{"id":17709,"date":"2025-07-30T11:55:43","date_gmt":"2025-07-30T15:55:43","guid":{"rendered":"https:\/\/agromt.news\/?p=17709"},"modified":"2025-07-30T11:55:43","modified_gmt":"2025-07-30T15:55:43","slug":"semana-decisiva-para-o-agro-e-para-a-soja-com-possiveis-tarifas-dos-eua-confira-a-analise-completa","status":"publish","type":"post","link":"https:\/\/agromt.news\/?p=17709","title":{"rendered":"Semana decisiva para o agro e para a soja com poss\u00edveis tarifas dos EUA; confira a an\u00e1lise completa"},"content":{"rendered":"<p> <br \/>\n<br \/><img decoding=\"async\" src=\"https:\/\/agromt.news\/wp-content\/uploads\/2025\/07\/Tocantins-ganha-destaque-na-producao-de-sementes-de-soja-fora.jpg\" \/><\/p>\n<div>\n<p>O com\u00e9rcio exterior brasileiro vive uma semana decisiva, marcada pelos desdobramentos das poss\u00edveis tarifas que os Estados Unidos planejam impor aos produtores brasileiros. No mercado da soja, o comentarista Miguel Daoud, do <a href=\"https:\/\/www.canalrural.com.br\/\">Canal Rural<\/a>, ressaltou o impacto que essas medidas podem gerar.<\/p>\n<p>\u201dA soja tem uma demanda muito grande. N\u00e3o \u00e9 f\u00e1cil, mas precisamos buscar alternativas. Caso a tarifa seja efetivamente aplicada, deve haver uma redu\u00e7\u00e3o nos pr\u00eamios nos portos\u201d, afirmou.<\/p>\n<p>Para Daoud, o momento exige vis\u00e3o estrat\u00e9gica do setor. \u201c\u00c9 fundamental compreender a dimens\u00e3o da demanda. Quem j\u00e1 est\u00e1 se preparando para a pr\u00f3xima safra tem uma no\u00e7\u00e3o do que esperar. Assim, \u00e9 poss\u00edvel ajustar a oferta e ficar atento \u00e0s oportunidades\u201d, concluiu.<\/p>\n<ul class=\"wp-block-list\">\n<li><strong><em>Fique por dentro das novidades e not\u00edcias recentes sobre a soja! Participe da nossa comunidade atrav\u00e9s do\u00a0<a href=\"https:\/\/chat.whatsapp.com\/BmMRwA0TZ2DHGyhzoaVEWu\">link<\/a>! \ud83c\udf31<\/em><\/strong><\/li>\n<\/ul>\n<\/div>\n<div>\n<h2 class=\"wp-block-heading\" id=\"h-semana-de-desdobramentos\">Semana de desdobramentos <\/h2>\n<p>Segundo Daoud, os senadores brasileiros enfrentam dificuldades no di\u00e1logo com a Casa Branca, que mant\u00e9m uma postura r\u00edgida. \u201dExiste um obst\u00e1culo pol\u00edtico que n\u00e3o faz sentido. \u00c9 um obst\u00e1culo de raiva, de \u00f3dio, que n\u00e3o cabe nesse tipo de negocia\u00e7\u00e3o\u2019, afirmou.\u201d<\/p>\n<figure class=\"wp-block-embed is-type-video is-provider-youtube wp-block-embed-youtube wp-embed-aspect-16-9 wp-has-aspect-ratio\">\n<p>\n<iframe title=\"Brasil tenta mostrar que \u00e9 parceiro estrat\u00e9gico dos EUA, mas clima \u00e9 de incerteza\" width=\"800\" height=\"450\" src=\"https:\/\/www.youtube.com\/embed\/S67f9Ra-Q0o?feature=oembed\" frameborder=\"0\" allow=\"accelerometer; autoplay; clipboard-write; encrypted-media; gyroscope; picture-in-picture; web-share\" referrerpolicy=\"strict-origin-when-cross-origin\" allowfullscreen><\/iframe>\n<\/p>\n<\/figure>\n<p>Entre as estrat\u00e9gias do governo Lula para amenizar os poss\u00edveis impactos est\u00e1 a possibilidade de desvaloriza\u00e7\u00e3o do real, o que aumentaria a competitividade dos produtos brasileiros no mercado externo. No entanto, o acordo em negocia\u00e7\u00e3o com a Uni\u00e3o Europeia tem gerado descontentamento em alguns pa\u00edses do bloco, que sentem estar sob press\u00e3o dos Estados Unidos.<\/p>\n<p>Daoud ressaltou que a depend\u00eancia norte-americana de produtos brasileiros, como carne, caf\u00e9 e suco de laranja, pode pesar nas negocia\u00e7\u00f5es. \u201cA Austr\u00e1lia n\u00e3o tem condi\u00e7\u00f5es de suprir a demanda que o Brasil deixaria de atender\u201d, disse.<\/p>\n<p>O comentarista alerta que, caso as tarifas norte-americanas sejam mantidas, a medida pode acelerar a cria\u00e7\u00e3o de mecanismos de com\u00e9rcio internacional fora da depend\u00eancia do d\u00f3lar. \u201cOs pa\u00edses punidos podem buscar alternativas para escapar do d\u00f3lar. A\u00ed fica dif\u00edcil para os Estados Unidos investirem. Isso fragilizaria a hegemonia dos EUA no m\u00e9dio e longo prazo. Torcemos para que se perceba isso antes e que seja corrigido\u201d, pontuou.<\/p>\n<h2 class=\"wp-block-heading\" id=\"h-\"\/>\n\t<\/div>\n<p><br \/>\n<br \/><a href=\"https:\/\/www.canalrural.com.br\/agricultura\/projeto-soja-brasil\/semana-decisiva-para-o-agro-e-para-a-soja-com-possiveis-tarifas-dos-eua-confira-a-analise-completa\/\">Source link <\/a><\/p>\n","protected":false},"excerpt":{"rendered":"<p>O com\u00e9rcio exterior brasileiro vive uma semana decisiva, marcada pelos desdobramentos das poss\u00edveis tarifas que os Estados Unidos planejam impor<\/p>\n","protected":false},"author":1,"featured_media":16132,"comment_status":"open","ping_status":"open","sticky":false,"template":"","format":"standard","meta":{"_monsterinsights_skip_tracking":false,"_monsterinsights_sitenote_active":false,"_monsterinsights_sitenote_note":"","_monsterinsights_sitenote_category":0,"_uf_show_specific_survey":0,"_uf_disable_surveys":false,"footnotes":""},"categories":[1],"tags":[],"class_list":["post-17709","post","type-post","status-publish","format-standard","has-post-thumbnail","hentry","category-news"],"_links":{"self":[{"href":"https:\/\/agromt.news\/index.php?rest_route=\/wp\/v2\/posts\/17709"}],"collection":[{"href":"https:\/\/agromt.news\/index.php?rest_route=\/wp\/v2\/posts"}],"about":[{"href":"https:\/\/agromt.news\/index.php?rest_route=\/wp\/v2\/types\/post"}],"author":[{"embeddable":true,"href":"https:\/\/agromt.news\/index.php?rest_route=\/wp\/v2\/users\/1"}],"replies":[{"embeddable":true,"href":"https:\/\/agromt.news\/index.php?rest_route=%2Fwp%2Fv2%2Fcomments&post=17709"}],"version-history":[{"count":0,"href":"https:\/\/agromt.news\/index.php?rest_route=\/wp\/v2\/posts\/17709\/revisions"}],"wp:featuredmedia":[{"embeddable":true,"href":"https:\/\/agromt.news\/index.php?rest_route=\/wp\/v2\/media\/16132"}],"wp:attachment":[{"href":"https:\/\/agromt.news\/index.php?rest_route=%2Fwp%2Fv2%2Fmedia&parent=17709"}],"wp:term":[{"taxonomy":"category","embeddable":true,"href":"https:\/\/agromt.news\/index.php?rest_route=%2Fwp%2Fv2%2Fcategories&post=17709"},{"taxonomy":"post_tag","embeddable":true,"href":"https:\/\/agromt.news\/index.php?rest_route=%2Fwp%2Fv2%2Ftags&post=17709"}],"curies":[{"name":"wp","href":"https:\/\/api.w.org\/{rel}","templated":true}]}}