{"id":17708,"date":"2025-07-30T11:41:56","date_gmt":"2025-07-30T15:41:56","guid":{"rendered":"https:\/\/agromt.news\/?p=17708"},"modified":"2025-07-30T11:41:56","modified_gmt":"2025-07-30T15:41:56","slug":"brasil-deixa-de-embarcar-mais-de-450-mil-sacas-de-cafe-e-acumula-prejuizo-de-r-1-bi","status":"publish","type":"post","link":"https:\/\/agromt.news\/?p=17708","title":{"rendered":"Brasil deixa de embarcar mais de 450 mil sacas de caf\u00e9 e acumula preju\u00edzo de R$ 1 bi"},"content":{"rendered":"<p> <br \/>\n<br \/><img decoding=\"async\" src=\"https:\/\/agromt.news\/wp-content\/uploads\/2025\/07\/Agro-brasileiro-deveria-pressionar-Congresso-dos-EUA-contra-tarifaco-diz.jpg\" \/><\/p>\n<div>\n<p>O Brasil deixou de embarcar 453.864 sacas de 60 kg, equivalentes a 1.375 cont\u00eaineres, de caf\u00e9 em junho de 2025, conforme levantamento realizado pelo Conselho dos Exportadores de Caf\u00e9 do Brasil (Cecaf\u00e9) junto a seus associados. O n\u00e3o embarque se deu em fun\u00e7\u00e3o do esgotamento da infraestrutura portu\u00e1ria no pa\u00eds e, com isso, os exportadores tiveram um preju\u00edzo de R$ 3 milh\u00f5es com custos extras com armazenagem adicional, <em>detentions<\/em>,<em> pr\u00e9-stacking<\/em> e antecipa\u00e7\u00e3o de <em>gates.<\/em><\/p>\n<p>Desde junho de 2024, quando a entidade iniciou esse levantamento, as empresas associadas ao Cecaf\u00e9 acumulam preju\u00edzo de R$ 78,921 milh\u00f5es com esses gastos imprevistos em fun\u00e7\u00e3o de atrasos e altera\u00e7\u00e3o de escalas dos navios e da estrutura defasada nos principais portos de escoamento do produto no Brasil.<\/p>\n<p>O n\u00e3o embarque desse volume de caf\u00e9 tamb\u00e9m impediu que o pa\u00eds recebesse US$ 184,183<br \/>milh\u00f5es, ou R$ 1,022 bilh\u00e3o, como receita cambial em suas transa\u00e7\u00f5es comerciais apenas em junho deste ano, considerando o pre\u00e7o m\u00e9dio <em>Free on Board <\/em>(FOB) de <a href=\"https:\/\/www.canalrural.com.br\/agricultura\/tarifaco-deve-levar-brasil-a-ampliar-mercado-de-cafe-com-a-china\/\">exporta\u00e7\u00e3o <\/a>de US$ 405,81 por saca (caf\u00e9 verde) e a m\u00e9dia do d\u00f3lar de R$ 5,5465 no m\u00eas passado. Isso implica menor repasse aos produtores, uma vez que o Brasil \u00e9 o pa\u00eds que mais transfere o pre\u00e7o da exporta\u00e7\u00e3o aos cafeicultores, a uma m\u00e9dia superior a 90% nos \u00faltimos anos.<\/p>\n<p>\u201cA nova safra de caf\u00e9, principalmente de can\u00e9fora (conilon + robusta), come\u00e7a a chegar aos<br \/>poucos para exporta\u00e7\u00e3o e, como a estrutura dos portos n\u00e3o teve melhorias, j\u00e1 notamos um aumento de cerca de 100 mil sacas no volume total que n\u00e3o conseguiu embarques na compara\u00e7\u00e3o com maio. Esse cen\u00e1rio tende a se agravar, pois a principal movimenta\u00e7\u00e3o de exporta\u00e7\u00e3o de caf\u00e9 se d\u00e1 agora neste segundo semestre, com a chegada dos caf\u00e9s novos, incluindo a esp\u00e9cie ar\u00e1bica\u201d, explica Eduardo Heron, diretor t\u00e9cnico do Cecaf\u00e9.<\/p>\n<p>Segundo ele, \u00e9 fundamental a ado\u00e7\u00e3o de medidas dos setores p\u00fablico e privado, como, por<br \/>exemplo, celeridade nos leil\u00f5es de terminais, amplia\u00e7\u00e3o da capacidade de p\u00e1tio e ber\u00e7o, fomento \u00e0 diversifica\u00e7\u00e3o de modais, com investimentos em ferrovias e hidrovias, e, principalmente, a cria\u00e7\u00e3o de indicadores log\u00edsticos que permitam acompanhar e gerir, de forma adequada, as demandas na infraestrutura portu\u00e1ria do Brasil, de forma que os portos evoluam na mesma propor\u00e7\u00e3o do crescimento das cargas, tendo em vista o constante avan\u00e7o do agroneg\u00f3cio nacional, em especial dos produtos que demandam cont\u00eaineres para exporta\u00e7\u00e3o, como caf\u00e9, carnes, algod\u00e3o, a\u00e7\u00facar, celulose, entre outros.<\/p>\n<\/div>\n<div>\n<p><em>Veja em primeira m\u00e3o tudo sobre agricultura, pecu\u00e1ria, economia e previs\u00e3o do tempo:<\/em><a href=\"https:\/\/news.google.com\/publications\/CAAqBwgKMPKZlQswq_mqAw?hl=pt-BR&amp;gl=BR&amp;ceid=BR%3Apt-419\" target=\"_blank\" rel=\"noreferrer noopener\"><em>\u00a0siga o Canal Rural no Google News!<\/em><\/a><\/p>\n<p>\u201cO governo anunciou uma s\u00e9rie de investimentos, que, sem d\u00favida, s\u00e3o positivos, mas que<br \/>demandar\u00e3o, em condi\u00e7\u00f5es normais, pelo menos cinco anos para serem conclu\u00eddos. O problema \u00e9 que precisamos de a\u00e7\u00f5es emergenciais, que possibilitem melhorias imediatas ou, no m\u00e1ximo, no curto prazo, pois os setores do agroneg\u00f3cio que demandam cont\u00eaineres seguem evoluindo e demandando cada vez mais estrutura dos portos\u201d, analisa.<\/p>\n<p>Ainda conforme Heron, h\u00e1 uma grande preocupa\u00e7\u00e3o dos setores que utilizam cargas<br \/>conteinerizadas por conta da limita\u00e7\u00e3o de participa\u00e7\u00e3o de interessados no leil\u00e3o do Tecon<br \/>Santos 10, sem uma devida justificativa ou embasamento t\u00e9cnico e legal. Isso porque existe a Nota T\u00e9cnica n\u00ba 51, da pr\u00f3pria ag\u00eancia reguladora, a Antaq, que demonstra que o cen\u00e1rio 3 apresenta medidas para evitar problemas concorrenciais e de concentra\u00e7\u00e3o de mercado, permitindo a ampla participa\u00e7\u00e3o e evitando, assim, que o processo seja judicializado e deixe de ocorrer ainda neste ano, comenta.<\/p>\n<p>O diretor t\u00e9cnico do Cecaf\u00e9 recorda que o per\u00edodo de entressafra de v\u00e1rias commodities<br \/>ajudou a reduzir a press\u00e3o nos terminais e armadores durante o primeiro semestre de 2025, contudo, como n\u00e3o houve aumento de capacidade dos terminais portu\u00e1rios, os desafios se intensificar\u00e3o neste segundo semestre.<\/p>\n<\/p><\/div>\n<p><br \/>\n<br \/><a href=\"https:\/\/www.canalrural.com.br\/diversos\/brasil-deixa-de-embarcar-mais-de-450-mil-sacas-de-cafe-e-acumula-prejuizo-de-r-1-bi\/\">Source link <\/a><\/p>\n","protected":false},"excerpt":{"rendered":"<p>O Brasil deixou de embarcar 453.864 sacas de 60 kg, equivalentes a 1.375 cont\u00eaineres, de caf\u00e9 em junho de 2025,<\/p>\n","protected":false},"author":1,"featured_media":17164,"comment_status":"open","ping_status":"open","sticky":false,"template":"","format":"standard","meta":{"_monsterinsights_skip_tracking":false,"_monsterinsights_sitenote_active":false,"_monsterinsights_sitenote_note":"","_monsterinsights_sitenote_category":0,"_uf_show_specific_survey":0,"_uf_disable_surveys":false,"footnotes":""},"categories":[1],"tags":[],"class_list":["post-17708","post","type-post","status-publish","format-standard","has-post-thumbnail","hentry","category-news"],"_links":{"self":[{"href":"https:\/\/agromt.news\/index.php?rest_route=\/wp\/v2\/posts\/17708"}],"collection":[{"href":"https:\/\/agromt.news\/index.php?rest_route=\/wp\/v2\/posts"}],"about":[{"href":"https:\/\/agromt.news\/index.php?rest_route=\/wp\/v2\/types\/post"}],"author":[{"embeddable":true,"href":"https:\/\/agromt.news\/index.php?rest_route=\/wp\/v2\/users\/1"}],"replies":[{"embeddable":true,"href":"https:\/\/agromt.news\/index.php?rest_route=%2Fwp%2Fv2%2Fcomments&post=17708"}],"version-history":[{"count":0,"href":"https:\/\/agromt.news\/index.php?rest_route=\/wp\/v2\/posts\/17708\/revisions"}],"wp:featuredmedia":[{"embeddable":true,"href":"https:\/\/agromt.news\/index.php?rest_route=\/wp\/v2\/media\/17164"}],"wp:attachment":[{"href":"https:\/\/agromt.news\/index.php?rest_route=%2Fwp%2Fv2%2Fmedia&parent=17708"}],"wp:term":[{"taxonomy":"category","embeddable":true,"href":"https:\/\/agromt.news\/index.php?rest_route=%2Fwp%2Fv2%2Fcategories&post=17708"},{"taxonomy":"post_tag","embeddable":true,"href":"https:\/\/agromt.news\/index.php?rest_route=%2Fwp%2Fv2%2Ftags&post=17708"}],"curies":[{"name":"wp","href":"https:\/\/api.w.org\/{rel}","templated":true}]}}