{"id":17701,"date":"2025-07-30T10:43:16","date_gmt":"2025-07-30T14:43:16","guid":{"rendered":"https:\/\/agromt.news\/?p=17701"},"modified":"2025-07-30T10:43:16","modified_gmt":"2025-07-30T14:43:16","slug":"safra-2024-25-bateu-o-recorde-de-exportacoes","status":"publish","type":"post","link":"https:\/\/agromt.news\/?p=17701","title":{"rendered":"safra 2024\/25 bateu o recorde de exporta\u00e7\u00f5es"},"content":{"rendered":"<p> <br \/>\n<br \/><img decoding=\"async\" src=\"https:\/\/agromt.news\/wp-content\/uploads\/2025\/07\/safra-202425-bateu-o-recorde-de-exportacoes.jpg\" \/><\/p>\n<div>\n<p>A safra brasileira 2024\/25 de algod\u00e3o est\u00e1 se encerrando com exporta\u00e7\u00f5es recordes. Isso de acordo com os dados do <a href=\"https:\/\/www.canalrural.com.br\/tag\/cepea\/\">Centro de Estudos Avan\u00e7ados em Economia Aplicada (Cepea).<\/a><\/p>\n<p>Dados da Secex analisados pelo Cepea mostram que, de agosto\/24 at\u00e9 a quarta semana de julho\/25, o Brasil j\u00e1 embarcou 2,82 milh\u00f5es de toneladas. O volume \u00e9 5% maior que o escoado em toda a temporada anterior (2,68 milh\u00f5es de toneladas, at\u00e9 ent\u00e3o o recorde da s\u00e9rie da Secex).\u00a0<\/p>\n<p>No mercado interno, levantamentos do Cepea mostram que as cota\u00e7\u00f5es do algod\u00e3o em pluma continuam oscilando, refletindo a \u201cqueda de bra\u00e7o\u201d entre os agentes.\u00a0<\/p>\n<\/div>\n<div>\n<p>Alguns vendedores demonstram maior flexibilidade quanto aos pre\u00e7os, por\u00e9m, as ind\u00fastrias ofertam valores ainda mais baixos. Al\u00e9m disso, a dificuldade na aprova\u00e7\u00e3o dos lotes disponibilizados tamb\u00e9m limita a liquidez.\u00a0<\/p>\n<p>Devido ao atraso na colheita e beneficiamento da temporada 2024\/25, pesquisadores explicam que muitos players d\u00e3o prioridade ao cumprimento de contratos a termo, especialmente porque boa parte foi realizada a pre\u00e7os mais atrativos que os praticados atualmente no spot nacional.<\/p>\n<p><em>*Sob supervis\u00e3o de Luis Roberto Toledo<\/em><\/p>\n<\/p><\/div>\n<p><br \/>\n<br \/><a href=\"https:\/\/www.canalrural.com.br\/agricultura\/algodao-safra-2024-25-bateu-o-recorde-de-exportacoes\/\">Source link <\/a><\/p>\n","protected":false},"excerpt":{"rendered":"<p>A safra brasileira 2024\/25 de algod\u00e3o est\u00e1 se encerrando com exporta\u00e7\u00f5es recordes. Isso de acordo com os dados do Centro<\/p>\n","protected":false},"author":1,"featured_media":17702,"comment_status":"open","ping_status":"open","sticky":false,"template":"","format":"standard","meta":{"_monsterinsights_skip_tracking":false,"_monsterinsights_sitenote_active":false,"_monsterinsights_sitenote_note":"","_monsterinsights_sitenote_category":0,"_uf_show_specific_survey":0,"_uf_disable_surveys":false,"footnotes":""},"categories":[1],"tags":[],"class_list":["post-17701","post","type-post","status-publish","format-standard","has-post-thumbnail","hentry","category-news"],"_links":{"self":[{"href":"https:\/\/agromt.news\/index.php?rest_route=\/wp\/v2\/posts\/17701"}],"collection":[{"href":"https:\/\/agromt.news\/index.php?rest_route=\/wp\/v2\/posts"}],"about":[{"href":"https:\/\/agromt.news\/index.php?rest_route=\/wp\/v2\/types\/post"}],"author":[{"embeddable":true,"href":"https:\/\/agromt.news\/index.php?rest_route=\/wp\/v2\/users\/1"}],"replies":[{"embeddable":true,"href":"https:\/\/agromt.news\/index.php?rest_route=%2Fwp%2Fv2%2Fcomments&post=17701"}],"version-history":[{"count":0,"href":"https:\/\/agromt.news\/index.php?rest_route=\/wp\/v2\/posts\/17701\/revisions"}],"wp:featuredmedia":[{"embeddable":true,"href":"https:\/\/agromt.news\/index.php?rest_route=\/wp\/v2\/media\/17702"}],"wp:attachment":[{"href":"https:\/\/agromt.news\/index.php?rest_route=%2Fwp%2Fv2%2Fmedia&parent=17701"}],"wp:term":[{"taxonomy":"category","embeddable":true,"href":"https:\/\/agromt.news\/index.php?rest_route=%2Fwp%2Fv2%2Fcategories&post=17701"},{"taxonomy":"post_tag","embeddable":true,"href":"https:\/\/agromt.news\/index.php?rest_route=%2Fwp%2Fv2%2Ftags&post=17701"}],"curies":[{"name":"wp","href":"https:\/\/api.w.org\/{rel}","templated":true}]}}