{"id":17697,"date":"2025-07-30T10:28:25","date_gmt":"2025-07-30T14:28:25","guid":{"rendered":"https:\/\/agromt.news\/?p=17697"},"modified":"2025-07-30T10:28:25","modified_gmt":"2025-07-30T14:28:25","slug":"cooperacao-impulsiona-negocios-na-feira-do-abacaxi-em-mg","status":"publish","type":"post","link":"https:\/\/agromt.news\/?p=17697","title":{"rendered":"Coopera\u00e7\u00e3o impulsiona neg\u00f3cios na &#8216;Feira do Abacaxi&#8217; em MG"},"content":{"rendered":"<p> <br \/>\n<br \/><img decoding=\"async\" src=\"https:\/\/agromt.news\/wp-content\/uploads\/2025\/07\/Cooperacao-impulsiona-negocios-na-Feira-do-Abacaxi-em-MG.jpg\" \/><\/p>\n<div>\n<p>De 31 de julho a 3 de agosto, o distrito de Aparecida de Minas, em Frutal, Minas Gerais (MG), ser\u00e1 palco da <a href=\"https:\/\/mg.agenciasebrae.com.br\/cultura-empreendedora\/feira-do-abacaxi-em-aparecida-de-minas-aposta-na-forca-da-cooperacao-para-gerar-negocios-no-campo\/\">\u201911\u00aa Feira de Agroneg\u00f3cios do Abacaxi\u2019<\/a>. Evento promovido pelo Sebrae\/MG, Cooperativa dos Produtores Rurais da Cidade (Coopercisco) e a Prefeitura.<\/p>\n<p>Para esta edi\u00e7\u00e3o, o evento aposta na for\u00e7a da <strong><a href=\"https:\/\/www.canalrural.com.br\/empreendedorismo\/cooperativa-inspira-empreendedorismo-rural-no-vale-do-ribeira\/\">coopera\u00e7\u00e3o<\/a> <\/strong>para movimentar o campo, gerar oportunidades e valorizar os pequenos produtores. <\/p>\n<p>\u201cO que vemos em Aparecida de Minas \u00e9 o resultado da for\u00e7a da coopera\u00e7\u00e3o\u201d, afirma Joana Rafaela, analista do Sebrae\/MG.<\/p>\n<p>De acordo com dados do Instituto Brasileiro de Geografia e Estat\u00edstica (<a href=\"https:\/\/www.ibge.gov.br\/\">Ibge<\/a>), Minas Gerais (MG) \u00e9 o terceiro maior estado produtor de abacaxi no Brasil. Frutal \u00e9 a maior produtora da variedade de abacaxi \u2018P\u00e9rola\u2019, com cerca de nove milh\u00f5es de frutos colhidos por ano. <\/p>\n<p>O distrito de Aparecida re\u00fane mais de 130 produtores organizados pela Coopercisco, cooperativa parceira do <a href=\"https:\/\/mg.agenciasebrae.com.br\/\">Sebrae\/MG<\/a> em diversas a\u00e7\u00f5es de capacita\u00e7\u00e3o e acesso ao mercado. <\/p>\n<\/div>\n<div>\n<ul class=\"wp-block-list\">\n<li>Participe do Porteira Aberta Empreender: envie perguntas, sugest\u00f5es e conte a sua hist\u00f3ria de empreendedorismo pelo <a href=\"https:\/\/api.whatsapp.com\/send?phone=5511932796720&amp;PorteiraAbertaEmpreender=SuaMensagem\">WhatsApp<\/a><\/li>\n<\/ul>\n<p>Em 2024, a feira movimentou cerca de R$ 6 milh\u00f5es em neg\u00f3cios, a expectativa para este ano \u00e9 superar esse n\u00famero. A feira, contar\u00e1 com palestras, rodada de neg\u00f3cios, espa\u00e7o interativo para crian\u00e7as e atra\u00e7\u00f5es culturais. <\/p>\n<p>Entre os destaques est\u00e1 o projeto \u2018Do ch\u00e3o ao cora\u00e7\u00e3o \u2013 Educando para sucess\u00e3o no campo\u2019, uma iniciativa voltada \u00e0 valoriza\u00e7\u00e3o da <a href=\"https:\/\/www.canalrural.com.br\/empreendedorismo\/agricultura-familiar-investe-em-mirtilo-e-gestao-no-cerrado\/\">agricultura familiar <\/a>e ao incentivo \u00e0 perman\u00eancia das novas gera\u00e7\u00f5es no meio rural.<\/p>\n<h2 class=\"wp-block-heading\" id=\"h-servico\">Servi\u00e7o<\/h2>\n<p><strong>11\u00aa Feira de Agroneg\u00f3cios do Abacaxi<\/strong><br \/>Local: Rodovia Jer\u00f4nimo Heitor de Assun\u00e7\u00e3o, Km 13<br \/>Data: 31 de julho a 3 de agosto<br \/><a href=\"https:\/\/www.instagram.com\/coopercisco\/\">Acesse aqui <\/a>e confira a programa\u00e7\u00e3o completa.<br \/>Entrada gratuita<\/p>\n<\/p><\/div>\n<p><script async src=\"\/\/www.instagram.com\/embed.js\"><\/script><br \/>\n<br \/><br \/>\n<br \/><a href=\"https:\/\/www.canalrural.com.br\/empreendedorismo\/cooperacao-impulsiona-negocios-na-feira-do-abacaxi-em-mg\/\">Source link <\/a><\/p>\n","protected":false},"excerpt":{"rendered":"<p>De 31 de julho a 3 de agosto, o distrito de Aparecida de Minas, em Frutal, Minas Gerais (MG), ser\u00e1<\/p>\n","protected":false},"author":1,"featured_media":17698,"comment_status":"open","ping_status":"open","sticky":false,"template":"","format":"standard","meta":{"_monsterinsights_skip_tracking":false,"_monsterinsights_sitenote_active":false,"_monsterinsights_sitenote_note":"","_monsterinsights_sitenote_category":0,"_uf_show_specific_survey":0,"_uf_disable_surveys":false,"footnotes":""},"categories":[1],"tags":[],"class_list":["post-17697","post","type-post","status-publish","format-standard","has-post-thumbnail","hentry","category-news"],"_links":{"self":[{"href":"https:\/\/agromt.news\/index.php?rest_route=\/wp\/v2\/posts\/17697"}],"collection":[{"href":"https:\/\/agromt.news\/index.php?rest_route=\/wp\/v2\/posts"}],"about":[{"href":"https:\/\/agromt.news\/index.php?rest_route=\/wp\/v2\/types\/post"}],"author":[{"embeddable":true,"href":"https:\/\/agromt.news\/index.php?rest_route=\/wp\/v2\/users\/1"}],"replies":[{"embeddable":true,"href":"https:\/\/agromt.news\/index.php?rest_route=%2Fwp%2Fv2%2Fcomments&post=17697"}],"version-history":[{"count":0,"href":"https:\/\/agromt.news\/index.php?rest_route=\/wp\/v2\/posts\/17697\/revisions"}],"wp:featuredmedia":[{"embeddable":true,"href":"https:\/\/agromt.news\/index.php?rest_route=\/wp\/v2\/media\/17698"}],"wp:attachment":[{"href":"https:\/\/agromt.news\/index.php?rest_route=%2Fwp%2Fv2%2Fmedia&parent=17697"}],"wp:term":[{"taxonomy":"category","embeddable":true,"href":"https:\/\/agromt.news\/index.php?rest_route=%2Fwp%2Fv2%2Fcategories&post=17697"},{"taxonomy":"post_tag","embeddable":true,"href":"https:\/\/agromt.news\/index.php?rest_route=%2Fwp%2Fv2%2Ftags&post=17697"}],"curies":[{"name":"wp","href":"https:\/\/api.w.org\/{rel}","templated":true}]}}