{"id":17695,"date":"2025-07-30T10:13:50","date_gmt":"2025-07-30T14:13:50","guid":{"rendered":"https:\/\/agromt.news\/?p=17695"},"modified":"2025-07-30T10:13:50","modified_gmt":"2025-07-30T14:13:50","slug":"amanha-termina-o-prazo-para-se-inscrever-no-premio-mulheres-do-agro","status":"publish","type":"post","link":"https:\/\/agromt.news\/?p=17695","title":{"rendered":"Amanh\u00e3 termina o prazo para se inscrever no Pr\u00eamio Mulheres do Agro!"},"content":{"rendered":"<p> <br \/>\n<br \/><img decoding=\"async\" src=\"https:\/\/agromt.news\/wp-content\/uploads\/2025\/07\/Amanha-termina-o-prazo-para-se-inscrever-no-Premio-Mulheres.jpg\" \/><\/p>\n<div>\n<h6 class=\"wp-block-heading\" id=\"h-\"\/>\n<p>Se voc\u00ea ainda n\u00e3o se inscreveu para o Pr\u00eamio Mulheres do Agro e se enxerga como uma <a href=\"https:\/\/www.canalrural.com.br\/?s=mulheres+no+agro\">protagonista no setor<\/a>, capaz de inspirar, transformar e deixar um legado, ainda d\u00e1 tempo. As inscri\u00e7\u00f5es para a categoria Produtora Rural da 8\u00aa edi\u00e7\u00e3o da premia\u00e7\u00e3o, uma iniciativa da Bayer em parceria com a Associa\u00e7\u00e3o Brasileira do Agroneg\u00f3cio (Abag), seguem abertas at\u00e9 esta quinta-feira (31).<\/p>\n<ul class=\"wp-block-list\">\n<li><strong><em>Fique por dentro das novidades e not\u00edcias recentes sobre a soja! Participe da nossa comunidade atrav\u00e9s do\u00a0<a href=\"https:\/\/chat.whatsapp.com\/BmMRwA0TZ2DHGyhzoaVEWu\">link<\/a>! \ud83c\udf31<\/em><\/strong><\/li>\n<\/ul>\n<p>O reconhecimento d\u00e1 voz \u00e0s agricultoras de todo o pa\u00eds que se destacam por boas pr\u00e1ticas em gest\u00e3o, sustentabilidade, inova\u00e7\u00e3o e impacto social no agroneg\u00f3cio. Para participar, basta acessar o <a href=\"https:\/\/www.premiomulheresdoagro.com.br\/\">link <\/a>oficial da premia\u00e7\u00e3o, onde tamb\u00e9m \u00e9 poss\u00edvel indicar outras produtoras e conferir todas as informa\u00e7\u00f5es sobre o regulamento.<\/p>\n<p>Durante sua participa\u00e7\u00e3o no programa Soja Brasil, Gabriela Gandelini, gerente de regulamenta\u00e7\u00e3o e assuntos cient\u00edficos da Bayer, destacou que a sustentabilidade \u00e9 o foco principal do pr\u00eamio. Segundo ela, pr\u00e1ticas como a rota\u00e7\u00e3o de culturas, o uso de agricultura de precis\u00e3o, t\u00e9cnicas voltadas \u00e0 regenera\u00e7\u00e3o do solo e a\u00e7\u00f5es para reduzir as emiss\u00f5es de gases de efeito estufa est\u00e3o entre os principais crit\u00e9rios valorizados durante a sele\u00e7\u00e3o.<\/p>\n<\/div>\n<div>\n<h2 class=\"wp-block-heading\" id=\"h-como-funciona\">Como funciona?<\/h2>\n<p>O pr\u00eamio \u00e9 dividido em duas categorias principais: Produtora Rural e Ci\u00eancia e Pesquisa. No caso das produtoras, h\u00e1 subdivis\u00f5es de acordo com o porte da propriedade, contemplando pequenas, m\u00e9dias e grandes propriedades. J\u00e1 a categoria Ci\u00eancia e Pesquisa, que chega \u00e0 sua terceira edi\u00e7\u00e3o, reconhece mulheres cientistas que desenvolvem estudos voltados \u00e0 sustentabilidade no agro, ampliando o reconhecimento para al\u00e9m da porteira.<\/p>\n<p>O processo seletivo envolve o envio de documenta\u00e7\u00e3o e a avalia\u00e7\u00e3o por uma banca especializada, que seleciona nove finalistas, tr\u00eas por faixa de tamanho de propriedade. Gabriela Gandelini refor\u00e7a que a premia\u00e7\u00e3o vai muito al\u00e9m do reconhecimento individual: \u201cO protagonismo feminino no agro \u00e9 uma for\u00e7a transformadora, capaz de inspirar outras mulheres e impulsionar toda a cadeia produtiva\u201d.<\/p>\n<h2 class=\"wp-block-heading\" id=\"h-inspiracao-no-agro\">Inspira\u00e7\u00e3o no agro<\/h2>\n<p>Um exemplo da for\u00e7a dessas hist\u00f3rias \u00e9 o de <strong>Vanessa Bomm<\/strong>, produtora rural no Oeste do Paran\u00e1, vencedora do Pr\u00eamio Mulheres do Agro 2024 na categoria Grande Propriedade. Com forma\u00e7\u00e3o em arquitetura, Vanessa surpreendeu ao retornar \u00e0s origens e assumir o comando do neg\u00f3cio do pai.<\/p>\n<p>Na cerim\u00f4nia do pr\u00eamio do \u00faltimo ano, diante de mais de 3 mil mulheres do agro, a emo\u00e7\u00e3o foi inevit\u00e1vel. \u201cPassou um filme na minha cabe\u00e7a. Nunca me imaginei no agro. Era arquiteta. Mas isso mostra que n\u00e3o \u00e9 preciso estar pronta para come\u00e7ar, \u00e9 preciso estar dispon\u00edvel para aprender, se conectar, compartilhar\u201d, afirmou.<\/p>\n<\/p><\/div>\n<p><br \/>\n<br \/><a href=\"https:\/\/www.canalrural.com.br\/agricultura\/projeto-soja-brasil\/amanha-termina-o-prazo-para-se-inscrever-no-premio-mulheres-do-agro\/\">Source link <\/a><\/p>\n","protected":false},"excerpt":{"rendered":"<p>Se voc\u00ea ainda n\u00e3o se inscreveu para o Pr\u00eamio Mulheres do Agro e se enxerga como uma protagonista no setor,<\/p>\n","protected":false},"author":1,"featured_media":17696,"comment_status":"open","ping_status":"open","sticky":false,"template":"","format":"standard","meta":{"_monsterinsights_skip_tracking":false,"_monsterinsights_sitenote_active":false,"_monsterinsights_sitenote_note":"","_monsterinsights_sitenote_category":0,"_uf_show_specific_survey":0,"_uf_disable_surveys":false,"footnotes":""},"categories":[1],"tags":[],"class_list":["post-17695","post","type-post","status-publish","format-standard","has-post-thumbnail","hentry","category-news"],"_links":{"self":[{"href":"https:\/\/agromt.news\/index.php?rest_route=\/wp\/v2\/posts\/17695"}],"collection":[{"href":"https:\/\/agromt.news\/index.php?rest_route=\/wp\/v2\/posts"}],"about":[{"href":"https:\/\/agromt.news\/index.php?rest_route=\/wp\/v2\/types\/post"}],"author":[{"embeddable":true,"href":"https:\/\/agromt.news\/index.php?rest_route=\/wp\/v2\/users\/1"}],"replies":[{"embeddable":true,"href":"https:\/\/agromt.news\/index.php?rest_route=%2Fwp%2Fv2%2Fcomments&post=17695"}],"version-history":[{"count":0,"href":"https:\/\/agromt.news\/index.php?rest_route=\/wp\/v2\/posts\/17695\/revisions"}],"wp:featuredmedia":[{"embeddable":true,"href":"https:\/\/agromt.news\/index.php?rest_route=\/wp\/v2\/media\/17696"}],"wp:attachment":[{"href":"https:\/\/agromt.news\/index.php?rest_route=%2Fwp%2Fv2%2Fmedia&parent=17695"}],"wp:term":[{"taxonomy":"category","embeddable":true,"href":"https:\/\/agromt.news\/index.php?rest_route=%2Fwp%2Fv2%2Fcategories&post=17695"},{"taxonomy":"post_tag","embeddable":true,"href":"https:\/\/agromt.news\/index.php?rest_route=%2Fwp%2Fv2%2Ftags&post=17695"}],"curies":[{"name":"wp","href":"https:\/\/api.w.org\/{rel}","templated":true}]}}