{"id":17694,"date":"2025-07-30T09:59:36","date_gmt":"2025-07-30T13:59:36","guid":{"rendered":"https:\/\/agromt.news\/?p=17694"},"modified":"2025-07-30T09:59:36","modified_gmt":"2025-07-30T13:59:36","slug":"cenario-segue-incerto-as-vesperas-do-tarifaco","status":"publish","type":"post","link":"https:\/\/agromt.news\/?p=17694","title":{"rendered":"cen\u00e1rio segue incerto \u00e0s v\u00e9speras do tarifa\u00e7o"},"content":{"rendered":"<p> <br \/>\n<br \/><img decoding=\"async\" src=\"https:\/\/agromt.news\/wp-content\/uploads\/2025\/07\/Cafe-sofre-queda-de-mais-de-20-no-mes-de.jpg\" \/><\/p>\n<div>\n<p>\u00c0s v\u00e9speras do in\u00edcio da tarifa de 50% anunciada pelos Estados Unidos sobre a importa\u00e7\u00e3o de produtos brasileiros, o setor cafeeiro nacional segue marcado por incertezas. Essa \u00e9 a avalia\u00e7\u00e3o do <a href=\"https:\/\/www.canalrural.com.br\/tag\/cepea\/\">Centro de Estudos Avan\u00e7ados em Economia Aplicada (Cepea).<\/a><\/p>\n<p>Segundo pesquisadores do instituto, os pre\u00e7os dom\u00e9sticos t\u00eam acompanhado os movimentos das Bolsas de Nova York e Londres, com oscila\u00e7\u00f5es associadas \u00e0 atua\u00e7\u00e3o especulativa de fundos, que v\u00eam ampliando suas posi\u00e7\u00f5es compradas diante da possibilidade de aumento das cota\u00e7\u00f5es, caso a tarifa entre em vigor nesta sexta-feira, 1\u00ba.\u00a0<\/p>\n<p>Pesquisadores ressaltam que n\u00e3o h\u00e1, at\u00e9 o momento, ind\u00edcios claros de que os valores internos estejam recuando exclusivamente em fun\u00e7\u00e3o da medida tarif\u00e1ria.\u00a0<\/p>\n<p>Os Estados Unidos s\u00e3o o principal destino das exporta\u00e7\u00f5es de caf\u00e9 do Brasil. Em 2024, o Pa\u00eds respondeu por aproximadamente 23% do total comprado pelos EUA, de acordo com estat\u00edsticas da Comiss\u00e3o de Com\u00e9rcio Internacional dos Estados Unidos.\u00a0<\/p>\n<\/div>\n<div>\n<p>A Col\u00f4mbia representou cerca de 17% do total das importa\u00e7\u00f5es norte-americanas, enquanto o Vietn\u00e3 contribuiu com aproximadamente 4%. No segmento do caf\u00e9 ar\u00e1bica, em que o Brasil tamb\u00e9m lidera os embarques aos EUA, a Col\u00f4mbia, principal concorrente, permanece isenta da nova tarifa\u00e7\u00e3o.\u00a0<\/p>\n<p>Quanto ao robusta, o Vietn\u00e3 negocia a aplica\u00e7\u00e3o de uma al\u00edquota reduzida de 20%, frente aos 46% inicialmente previstos.\u00a0<\/p>\n<p>Diante da representatividade do Brasil nas importa\u00e7\u00f5es de caf\u00e9 dos EUA, o Cepea avalia que a eventual entrada em vigor da tarifa tende a impactar n\u00e3o apenas a competitividade do caf\u00e9 nacional, mas tamb\u00e9m os pre\u00e7os ao consumidor norte-americano e a formula\u00e7\u00e3o dos blends tradicionais, que utilizam os gr\u00e3os brasileiros como base sensorial e de equil\u00edbrio.\u00a0<\/p>\n<p>O Brasil, por sua vez, pode ser for\u00e7ado a redirecionar parte de sua produ\u00e7\u00e3o a outros mercados. Dessa forma ser\u00e1 necess\u00e1ria agilidade log\u00edstica e estrat\u00e9gia comercial para mitigar os preju\u00edzos \u00e0 cadeia produtiva nacional.<\/p>\n<p><em>*Sob supervis\u00e3o de Luis Roberto Toledo<\/em><\/p>\n<\/p><\/div>\n<p><br \/>\n<br \/><a href=\"https:\/\/www.canalrural.com.br\/agricultura\/cafe\/cafe-cenario-segue-incerto-as-vesperas-do-tarifaco\/\">Source link <\/a><\/p>\n","protected":false},"excerpt":{"rendered":"<p>\u00c0s v\u00e9speras do in\u00edcio da tarifa de 50% anunciada pelos Estados Unidos sobre a importa\u00e7\u00e3o de produtos brasileiros, o setor<\/p>\n","protected":false},"author":1,"featured_media":14108,"comment_status":"open","ping_status":"open","sticky":false,"template":"","format":"standard","meta":{"_monsterinsights_skip_tracking":false,"_monsterinsights_sitenote_active":false,"_monsterinsights_sitenote_note":"","_monsterinsights_sitenote_category":0,"_uf_show_specific_survey":0,"_uf_disable_surveys":false,"footnotes":""},"categories":[1],"tags":[],"class_list":["post-17694","post","type-post","status-publish","format-standard","has-post-thumbnail","hentry","category-news"],"_links":{"self":[{"href":"https:\/\/agromt.news\/index.php?rest_route=\/wp\/v2\/posts\/17694"}],"collection":[{"href":"https:\/\/agromt.news\/index.php?rest_route=\/wp\/v2\/posts"}],"about":[{"href":"https:\/\/agromt.news\/index.php?rest_route=\/wp\/v2\/types\/post"}],"author":[{"embeddable":true,"href":"https:\/\/agromt.news\/index.php?rest_route=\/wp\/v2\/users\/1"}],"replies":[{"embeddable":true,"href":"https:\/\/agromt.news\/index.php?rest_route=%2Fwp%2Fv2%2Fcomments&post=17694"}],"version-history":[{"count":0,"href":"https:\/\/agromt.news\/index.php?rest_route=\/wp\/v2\/posts\/17694\/revisions"}],"wp:featuredmedia":[{"embeddable":true,"href":"https:\/\/agromt.news\/index.php?rest_route=\/wp\/v2\/media\/14108"}],"wp:attachment":[{"href":"https:\/\/agromt.news\/index.php?rest_route=%2Fwp%2Fv2%2Fmedia&parent=17694"}],"wp:term":[{"taxonomy":"category","embeddable":true,"href":"https:\/\/agromt.news\/index.php?rest_route=%2Fwp%2Fv2%2Fcategories&post=17694"},{"taxonomy":"post_tag","embeddable":true,"href":"https:\/\/agromt.news\/index.php?rest_route=%2Fwp%2Fv2%2Ftags&post=17694"}],"curies":[{"name":"wp","href":"https:\/\/api.w.org\/{rel}","templated":true}]}}