{"id":17693,"date":"2025-07-30T09:45:30","date_gmt":"2025-07-30T13:45:30","guid":{"rendered":"https:\/\/agromt.news\/?p=17693"},"modified":"2025-07-30T09:45:30","modified_gmt":"2025-07-30T13:45:30","slug":"lula-diz-que-esta-tentando-conversar-com-trump-mas-presidente-dos-eua-nao-quer","status":"publish","type":"post","link":"https:\/\/agromt.news\/?p=17693","title":{"rendered":"Lula diz que est\u00e1 tentando conversar com Trump, mas presidente dos EUA n\u00e3o quer"},"content":{"rendered":"<p> <br \/>\n<br \/><img decoding=\"async\" src=\"https:\/\/agromt.news\/wp-content\/uploads\/2025\/06\/Lula-defende-aumento-do-IOF-como-forma-de-financiar-gastos.jpg\" \/><\/p>\n<div>\n<p>A dois dias do tarifa\u00e7o, o presidente Lula declarou em entrevista ao jornal<em> New York Times<\/em> que tem tentado contato com o Donald Trump para falar sobre a tarifa de 50% sobre as exporta\u00e7\u00f5es brasileiras impostas pelos EUA, mas n\u00e3o tem obtido sucesso. De acordo com o presidente do Brasil, \u201cningu\u00e9m quer conversar\u201d.<\/p>\n<p>Lula ainda disse ao jornal que designou o<a href=\"https:\/\/www.canalrural.com.br\/politica\/alckmin-conversou-com-secretario-de-comercio-dos-eua-e-reforcou-necessidade-de-negociacao\/\"> vice-presidente Geraldo Alckimin<\/a>, e os ministros da Agricultura e da Fazenda para negociar com o governo norte-americano.<\/p>\n<p>O chefe do Planalto destacou na conversa que a medida tomada pelos EUA deixa o Brasil \u201cpreocupado\u201d, mas n\u00e3o com \u201cmedo\u201d. \u201cNos sabemos o poder econ\u00f4mico dos EUA, reconhecemos o poderio militar dos EUA, reconhecemos a grandeza tecnol\u00f3gica dos EUA\u201d, disse Lula. \u201cMas isso n\u00e3o nos deixa com medo.\u201d, complementou<\/p>\n<p><em>Veja em primeira m\u00e3o tudo sobre agricultura, pecu\u00e1ria, economia e previs\u00e3o do tempo:<\/em><a href=\"https:\/\/news.google.com\/publications\/CAAqBwgKMPKZlQswq_mqAw?hl=pt-BR&amp;gl=BR&amp;ceid=BR%3Apt-419\" target=\"_blank\" rel=\"noreferrer noopener\"><em>\u00a0siga o Canal Rural no Google News!<\/em><\/a><\/p>\n<\/div>\n<div>\n<p>O mandat\u00e1rio brasileiro tamb\u00e9m destacou que \u00e9 preciso encontrar um \u201cmeio termo\u201d nas negocia\u00e7\u00e3o com o governo de Trump. \u201cNas negocia\u00e7\u00f5es pol\u00edticas entre dois pa\u00edses, a vontade de nenhum deve prevalecer. N\u00f3s sempre precisamos encontrar um meio termo. Isso n\u00e3o \u00e9 alcan\u00e7ado \u2018estufando o peito\u2019 e gritando coisas que voc\u00ea n\u00e3o pode entregar, nem abaixando a cabe\u00e7a e simplesmente dizendo \u2018am\u00e9m\u2019 a qualquer coisa que os Estados Unidos quiser\u201d.<\/p>\n<h2 class=\"wp-block-heading\" id=\"h-discussao-comercial\">Discuss\u00e3o comercial<\/h2>\n<p>Sobre as amea\u00e7as do Donald Trump em rela\u00e7\u00e3o a decis\u00f5es do judici\u00e1rio brasileiro, Lula disse que a Justi\u00e7a \u00e9 independente e que o presidente americano precisa separar pol\u00edtica de quest\u00f5es econ\u00f4micas.<\/p>\n<p>\u201cEu acho que \u00e9 importante que o Trump considere: se ele quer ter uma briga pol\u00edtica, ent\u00e3o vamos ter uma briga pol\u00edtica. Se ele quer falar de com\u00e9rcio, ent\u00e3o vamos sentar e conversar sobre com\u00e9rcio. Mas voc\u00ea n\u00e3o pode misturar os dois\u201d.<\/p>\n<\/p><\/div>\n<p><br \/>\n<br \/><a href=\"https:\/\/www.canalrural.com.br\/nacional\/lula-diz-que-esta-tentando-conversar-com-trump-mas-presidente-dos-eua-nao-quer\/\">Source link <\/a><\/p>\n","protected":false},"excerpt":{"rendered":"<p>A dois dias do tarifa\u00e7o, o presidente Lula declarou em entrevista ao jornal New York Times que tem tentado contato<\/p>\n","protected":false},"author":1,"featured_media":15312,"comment_status":"open","ping_status":"open","sticky":false,"template":"","format":"standard","meta":{"_monsterinsights_skip_tracking":false,"_monsterinsights_sitenote_active":false,"_monsterinsights_sitenote_note":"","_monsterinsights_sitenote_category":0,"_uf_show_specific_survey":0,"_uf_disable_surveys":false,"footnotes":""},"categories":[1],"tags":[],"class_list":["post-17693","post","type-post","status-publish","format-standard","has-post-thumbnail","hentry","category-news"],"_links":{"self":[{"href":"https:\/\/agromt.news\/index.php?rest_route=\/wp\/v2\/posts\/17693"}],"collection":[{"href":"https:\/\/agromt.news\/index.php?rest_route=\/wp\/v2\/posts"}],"about":[{"href":"https:\/\/agromt.news\/index.php?rest_route=\/wp\/v2\/types\/post"}],"author":[{"embeddable":true,"href":"https:\/\/agromt.news\/index.php?rest_route=\/wp\/v2\/users\/1"}],"replies":[{"embeddable":true,"href":"https:\/\/agromt.news\/index.php?rest_route=%2Fwp%2Fv2%2Fcomments&post=17693"}],"version-history":[{"count":0,"href":"https:\/\/agromt.news\/index.php?rest_route=\/wp\/v2\/posts\/17693\/revisions"}],"wp:featuredmedia":[{"embeddable":true,"href":"https:\/\/agromt.news\/index.php?rest_route=\/wp\/v2\/media\/15312"}],"wp:attachment":[{"href":"https:\/\/agromt.news\/index.php?rest_route=%2Fwp%2Fv2%2Fmedia&parent=17693"}],"wp:term":[{"taxonomy":"category","embeddable":true,"href":"https:\/\/agromt.news\/index.php?rest_route=%2Fwp%2Fv2%2Fcategories&post=17693"},{"taxonomy":"post_tag","embeddable":true,"href":"https:\/\/agromt.news\/index.php?rest_route=%2Fwp%2Fv2%2Ftags&post=17693"}],"curies":[{"name":"wp","href":"https:\/\/api.w.org\/{rel}","templated":true}]}}