{"id":17691,"date":"2025-07-30T09:30:18","date_gmt":"2025-07-30T13:30:18","guid":{"rendered":"https:\/\/agromt.news\/?p=17691"},"modified":"2025-07-30T09:30:18","modified_gmt":"2025-07-30T13:30:18","slug":"cadastro-para-solicitar-antecipacao-da-semeadura-da-soja-comeca-dia-1o-de-agosto","status":"publish","type":"post","link":"https:\/\/agromt.news\/?p=17691","title":{"rendered":"Cadastro para solicitar antecipa\u00e7\u00e3o da semeadura da soja come\u00e7a dia 1\u00ba de agosto"},"content":{"rendered":"<p> <br \/>\n<\/p>\n<div>\n<p>O cadastro para solicitar <strong>antecipa\u00e7\u00e3o da semeadura da soja<\/strong> para a <strong>Safra 2025\/26<\/strong>, iniciar\u00e1 na pr\u00f3xima sexta-feira,<strong> 1\u00ba de agosto<\/strong>, por meio de uma p\u00e1gina no site oficial da Associa\u00e7\u00e3o de Agricultores e Irrigantes da Bahia (Aiba).<\/p>\n<p>O per\u00edodo de <strong>plantio antecipado foi definido entre 25 setembro a 7 de outubro<\/strong>, conforme portaria N\u00ba 47, de junho de 2025, divulgada pela Ag\u00eancia de Defesa Agropecu\u00e1ria da Bahia (Adab), que autoriza, em car\u00e1ter excepcional, a opera\u00e7\u00e3o.<\/p>\n<p>Al\u00e9m disso, para plantio regular foi estabelecido o calend\u00e1rio convencional de 8 de outubro a 31 de dezembro, com o objetivo de otimizar o calend\u00e1rio agr\u00edcola e garantir maior flexibilidade para os produtores da regi\u00e3o.<\/p>\n<p>Os <strong>produtores rurais interessados<\/strong>, devem realizar o cadastramento das suas \u00e1reas <strong>entre 1\u00ba e 31 de agosto<\/strong>, por meio do link <a href=\"http:\/\/tinyurl.com\/antecipacaop\">http:\/\/tinyurl.com\/antecipacaop<\/a> .<\/p>\n<p>A Adab \u00e9 o \u00f3rg\u00e3o respons\u00e1vel por fiscalizar, avaliar e aprovar os cadastros dos agricultores que pretendem aderir ao plantio antecipado, para assegurar que as pr\u00e1ticas agr\u00edcolas estejam em conformidade com as diretrizes estabelecidas, e garantir uma safra mais segura e produtiva.<\/p>\n<\/div>\n<div>\n<figure class=\"wp-block-image size-full\"><img fetchpriority=\"high\" decoding=\"async\" width=\"850\" height=\"566\" alt=\"\" class=\"wp-image-4109062\"  data-lazy- src=\"https:\/\/agromt.news\/wp-content\/uploads\/2025\/07\/Cbsoja-2025-abordara-os-100-anos-da-oleaginosa-no-Brasil.jpg\"\/><img decoding=\"async\" width=\"850\" height=\"566\" src=\"https:\/\/agromt.news\/wp-content\/uploads\/2025\/07\/Cbsoja-2025-abordara-os-100-anos-da-oleaginosa-no-Brasil.jpg\" alt=\"\" class=\"wp-image-4109062\"  \/><figcaption class=\"wp-element-caption\">Foto: Embrapa Soja<\/figcaption><\/figure>\n<p>Em comunicado, a Aiba refor\u00e7a aos produtores rurais que aderirem ao plantio antecipado para que realizem o cadastramento em tempo h\u00e1bil, e se atentem \u00e0s datas do calend\u00e1rio do plantio da soja. <\/p>\n<p>\u201cAos produtores rurais que tem interesse em realizar o plantio da soja de forma antecipada para essa Safra 25\/26, devem solicitar o cadastramento dessas \u00e1reas, no per\u00edodo de 1\u00ba a 31 de agosto. Podem procurar a sede da Aiba ou tamb\u00e9m acessar o QR Code por meio do site ou redes sociais da institui\u00e7\u00e3o agr\u00edcola\u201d, afirma o analista de campo da Aiba, Marcus Neves.<\/p>\n<p>Ao antecipar o plantio da soja o produtor otimiza o uso das \u00e1reas pelo encurtamento das janelas produtivas e sucess\u00e3o de novas culturas. <\/p>\n<hr class=\"wp-block-separator has-alpha-channel-opacity\"\/>\n<p><em>Voc\u00ea tamb\u00e9m pode participar deixando uma sugest\u00e3o de pauta. Siga o\u00a0<a href=\"https:\/\/www.instagram.com\/canalruralbahia\/\">Canal Rural Bahia no Instagram<\/a>\u00a0e nos envie uma mensagem<\/em>.<\/p>\n<\/p><\/div>\n<p><script async src=\"\/\/www.instagram.com\/embed.js\"><\/script><br \/>\n<br \/><br \/>\n<br \/><a href=\"https:\/\/www.canalrural.com.br\/nacional\/bahia\/cadastro-para-solicitar-antecipacao-da-semeadura-da-soja-comeca-dia-1o-de-agosto\/\">Source link <\/a><\/p>\n","protected":false},"excerpt":{"rendered":"<p>O cadastro para solicitar antecipa\u00e7\u00e3o da semeadura da soja para a Safra 2025\/26, iniciar\u00e1 na pr\u00f3xima sexta-feira, 1\u00ba de agosto,<\/p>\n","protected":false},"author":1,"featured_media":17692,"comment_status":"open","ping_status":"open","sticky":false,"template":"","format":"standard","meta":{"_monsterinsights_skip_tracking":false,"_monsterinsights_sitenote_active":false,"_monsterinsights_sitenote_note":"","_monsterinsights_sitenote_category":0,"_uf_show_specific_survey":0,"_uf_disable_surveys":false,"footnotes":""},"categories":[1],"tags":[],"class_list":["post-17691","post","type-post","status-publish","format-standard","has-post-thumbnail","hentry","category-news"],"_links":{"self":[{"href":"https:\/\/agromt.news\/index.php?rest_route=\/wp\/v2\/posts\/17691"}],"collection":[{"href":"https:\/\/agromt.news\/index.php?rest_route=\/wp\/v2\/posts"}],"about":[{"href":"https:\/\/agromt.news\/index.php?rest_route=\/wp\/v2\/types\/post"}],"author":[{"embeddable":true,"href":"https:\/\/agromt.news\/index.php?rest_route=\/wp\/v2\/users\/1"}],"replies":[{"embeddable":true,"href":"https:\/\/agromt.news\/index.php?rest_route=%2Fwp%2Fv2%2Fcomments&post=17691"}],"version-history":[{"count":0,"href":"https:\/\/agromt.news\/index.php?rest_route=\/wp\/v2\/posts\/17691\/revisions"}],"wp:featuredmedia":[{"embeddable":true,"href":"https:\/\/agromt.news\/index.php?rest_route=\/wp\/v2\/media\/17692"}],"wp:attachment":[{"href":"https:\/\/agromt.news\/index.php?rest_route=%2Fwp%2Fv2%2Fmedia&parent=17691"}],"wp:term":[{"taxonomy":"category","embeddable":true,"href":"https:\/\/agromt.news\/index.php?rest_route=%2Fwp%2Fv2%2Fcategories&post=17691"},{"taxonomy":"post_tag","embeddable":true,"href":"https:\/\/agromt.news\/index.php?rest_route=%2Fwp%2Fv2%2Ftags&post=17691"}],"curies":[{"name":"wp","href":"https:\/\/api.w.org\/{rel}","templated":true}]}}