{"id":17687,"date":"2025-07-30T08:33:47","date_gmt":"2025-07-30T12:33:47","guid":{"rendered":"https:\/\/agromt.news\/?p=17687"},"modified":"2025-07-30T08:33:47","modified_gmt":"2025-07-30T12:33:47","slug":"marfrig-suspende-producao-de-carne-bovina-em-mato-grosso","status":"publish","type":"post","link":"https:\/\/agromt.news\/?p=17687","title":{"rendered":"Marfrig suspende produ\u00e7\u00e3o de carne bovina em Mato Grosso"},"content":{"rendered":"<p> <br \/>\n<br \/><img decoding=\"async\" src=\"https:\/\/agromt.news\/wp-content\/uploads\/2025\/07\/Marfrig-suspende-producao-de-carne-bovina-em-Mato-Grosso.jpg\" \/><\/p>\n<div>\n<p>A Marfrig informou ao Minist\u00e9rio da Agricultura e Pecu\u00e1ria (Mapa) que decidiu paralisar a produ\u00e7\u00e3o de carne bovina de seu complexo de V\u00e1rzea Grande, em Mato Grosso, destinada aos EUA. De acordo com informa\u00e7\u00f5es da <em>Folha de S\u00e3o Paulo<\/em>, o pedido de paralisa\u00e7\u00e3o tempor\u00e1ria est\u00e1 ligado a motivos comerciais. N\u00e3o h\u00e1 detalhamento sobre o volume que deixar\u00e1 de ser enviado ao consumidor americano.<\/p>\n<p>O analista de Safras &amp; Mercado, Fernando Iglesias, destacou que a decis\u00e3o da Marfrig n\u00e3o<br \/>surpreende, uma vez dentro desse ambiente de tarifas adicionais por parte dos Estados Unidos as vendas dever\u00e3o ficar prejudicadas para este destino e os frigor\u00edficos brasileiros dever\u00e3o buscar novas alternativas.<\/p>\n<p>De acordo com a Marfrig, a <a href=\"https:\/\/www.canalrural.com.br\/pecuaria\/apos-tarifaco-frigorificos-decidem-suspender-producao-de-carne-para-os-eua\/\">paralisa\u00e7\u00e3o da produ\u00e7\u00e3o destinada ao mercado americano<\/a> passou a valer no dia 17 de julho. O retorno, que ainda n\u00e3o tem data prevista para ocorrer, dever\u00e1 ser informado aos \u00f3rg\u00e3os de fiscaliza\u00e7\u00e3o com 72 horas de anteced\u00eancia.<\/p>\n<p>A unidade de V\u00e1rzea Grande \u00e9 uma das mais importantes da companhia no Brasil, reunindo<br \/>opera\u00e7\u00f5es de abate e processamento industrial de carne bovina.<\/p>\n<\/div>\n<div>\n<p><em>Veja em primeira m\u00e3o tudo sobre agricultura, pecu\u00e1ria, economia e previs\u00e3o do tempo:<\/em><a href=\"https:\/\/news.google.com\/publications\/CAAqBwgKMPKZlQswq_mqAw?hl=pt-BR&amp;gl=BR&amp;ceid=BR%3Apt-419\" target=\"_blank\" rel=\"noreferrer noopener\"><em>\u00a0siga o Canal Rural no Google News!<\/em><\/a><\/p>\n<p>Instalada no complexo adquirido da BRF em 2019, a planta foi reativada com um investimento inicial de cerca de R$ 100 milh\u00f5es e desde ent\u00e3o passou por amplia\u00e7\u00e3o.<\/p>\n<p>A capacidade de processamento atual da unidade \u00e9 de aproximadamente 2.000 cabe\u00e7as de gado por dia, com produ\u00e7\u00e3o de alimentos processados de cerca de 70 mil toneladas ao ano.<\/p>\n<p>Na unidade, a Marfrig faz abate, desossa e industrializa\u00e7\u00e3o de produtos. O local est\u00e1<br \/>habilitado para exportar para 22 pa\u00edses, incluindo China e Europa, al\u00e9m dos EUA.<\/p>\n<\/p><\/div>\n<p><br \/>\n<br \/><a href=\"https:\/\/www.canalrural.com.br\/diversos\/marfrig-suspende-producao-de-carne-bovina-em-mato-grosso\/\">Source link <\/a><\/p>\n","protected":false},"excerpt":{"rendered":"<p>A Marfrig informou ao Minist\u00e9rio da Agricultura e Pecu\u00e1ria (Mapa) que decidiu paralisar a produ\u00e7\u00e3o de carne bovina de seu<\/p>\n","protected":false},"author":1,"featured_media":17688,"comment_status":"open","ping_status":"open","sticky":false,"template":"","format":"standard","meta":{"_monsterinsights_skip_tracking":false,"_monsterinsights_sitenote_active":false,"_monsterinsights_sitenote_note":"","_monsterinsights_sitenote_category":0,"_uf_show_specific_survey":0,"_uf_disable_surveys":false,"footnotes":""},"categories":[1],"tags":[],"class_list":["post-17687","post","type-post","status-publish","format-standard","has-post-thumbnail","hentry","category-news"],"_links":{"self":[{"href":"https:\/\/agromt.news\/index.php?rest_route=\/wp\/v2\/posts\/17687"}],"collection":[{"href":"https:\/\/agromt.news\/index.php?rest_route=\/wp\/v2\/posts"}],"about":[{"href":"https:\/\/agromt.news\/index.php?rest_route=\/wp\/v2\/types\/post"}],"author":[{"embeddable":true,"href":"https:\/\/agromt.news\/index.php?rest_route=\/wp\/v2\/users\/1"}],"replies":[{"embeddable":true,"href":"https:\/\/agromt.news\/index.php?rest_route=%2Fwp%2Fv2%2Fcomments&post=17687"}],"version-history":[{"count":0,"href":"https:\/\/agromt.news\/index.php?rest_route=\/wp\/v2\/posts\/17687\/revisions"}],"wp:featuredmedia":[{"embeddable":true,"href":"https:\/\/agromt.news\/index.php?rest_route=\/wp\/v2\/media\/17688"}],"wp:attachment":[{"href":"https:\/\/agromt.news\/index.php?rest_route=%2Fwp%2Fv2%2Fmedia&parent=17687"}],"wp:term":[{"taxonomy":"category","embeddable":true,"href":"https:\/\/agromt.news\/index.php?rest_route=%2Fwp%2Fv2%2Fcategories&post=17687"},{"taxonomy":"post_tag","embeddable":true,"href":"https:\/\/agromt.news\/index.php?rest_route=%2Fwp%2Fv2%2Ftags&post=17687"}],"curies":[{"name":"wp","href":"https:\/\/api.w.org\/{rel}","templated":true}]}}