{"id":17685,"date":"2025-07-30T08:03:46","date_gmt":"2025-07-30T12:03:46","guid":{"rendered":"https:\/\/agromt.news\/?p=17685"},"modified":"2025-07-30T08:03:46","modified_gmt":"2025-07-30T12:03:46","slug":"alckmin-volta-a-se-reunir-com-big-techs","status":"publish","type":"post","link":"https:\/\/agromt.news\/?p=17685","title":{"rendered":"Alckmin volta a se reunir com big techs"},"content":{"rendered":"<p> <br \/>\n<br \/><img decoding=\"async\" src=\"https:\/\/agromt.news\/wp-content\/uploads\/2024\/09\/Alckmin-afirma-que-governo-cumprira-rigorosamente-o-arcabouco-fiscal.jpg\" \/><\/p>\n<div>\n<p>O vice-presidente e ministro do Desenvolvimento, Ind\u00fastria e Com\u00e9rcio, Geraldo Alckmin, recebeu nesta ter\u00e7a-feira (29) representantes das empresas norte-americanas Meta, Google, Amazon, Apple, Visa e Expedia. O encontro ocorre a poucos dias do in\u00edcio previsto do tarifa\u00e7o de 50% das exporta\u00e7\u00f5es brasileiras aos EUA e em meio \u00e0 tentativa do governo brasileiro de negociar e evitar a imposi\u00e7\u00e3o das san\u00e7\u00f5es.<\/p>\n<p>\u201cN\u00f3s queremos avan\u00e7ar em todas as converg\u00eancias. Temos muito mais converg\u00eancia do que diverg\u00eancia\u201d, destacou o vice-presidente, ao comentar sobre a reuni\u00e3o em entrevista a jornalistas em seu gabinete. Essa \u00e9 a segunda reuni\u00e3o com representantes das chamadas big techs desde o an\u00fancio das taxa\u00e7\u00f5es contra o Brasil, h\u00e1 quase tr\u00eas semanas. Desta vez, segundo Alckmin, as empresas apresentaram uma pauta de que inclui assuntos relacionados a \u201cambiente de regulat\u00f3rio, oportunidade econ\u00f4mica, inova\u00e7\u00e3o tecnol\u00f3gica e seguran\u00e7a jur\u00eddica\u201d.<\/p>\n<p>\u201cN\u00f3s estamos propondo uma mesa de trabalho\u201d, citou o vice-presidente. \u201cFalando em oportunidade econ\u00f4mica, o Brasil vai ser o campe\u00e3o de data center\u201d, exemplificou. Questionado sobre como a discuss\u00e3o da regula\u00e7\u00e3o das big techs no Brasil pode evoluir nesse cen\u00e1rio, Alckmin adotou um tom cauteloso e disse que o governo n\u00e3o teria pressa em acelerar essa discuss\u00e3o.<\/p>\n<p>\u201cEssa quest\u00e3o de regulamenta\u00e7\u00e3o de big techs, de redes sociais, \u00e9 uma quest\u00e3o que t\u00e1 em discuss\u00e3o no mundo. Ent\u00e3o, vamos aprender. Onde \u00e9 que j\u00e1 foi implementado na Europa? O que que deu certo? O que que levou a cr\u00edtica? N\u00f3s n\u00e3o devemos ter muita pressa nisso. Eu acho que a gente deve verificar a legisla\u00e7\u00e3o comparada e ouvir, ouvir e dialogar\u201d, ressaltou.<\/p>\n<p><em>Veja em primeira m\u00e3o tudo sobre agricultura, pecu\u00e1ria, economia e previs\u00e3o do tempo:<\/em><a href=\"https:\/\/news.google.com\/publications\/CAAqBwgKMPKZlQswq_mqAw?hl=pt-BR&amp;gl=BR&amp;ceid=BR%3Apt-419\" target=\"_blank\" rel=\"noreferrer noopener\"><em>\u00a0siga o Canal Rural no Google News!<\/em><\/a><\/p>\n<\/div>\n<div>\n<p>Os interesses das empresas de tecnologia dos EUA no Brasil \u00e9 um dos temas centrais expostos por Donald Trump na carta enviada ao presidente Luiz In\u00e1cio Lula da Silva, no in\u00edcio do m\u00eas, quando anunciou o tarifa\u00e7o. No documento, Trump determinou a abertura de investiga\u00e7\u00e3o sobre o que chamou de \u201cataques cont\u00ednuos do Brasil \u00e0s atividades comerciais digitais de empresas americanas\u201d.<\/p>\n<p>Al\u00e9m dos representantes das gigantes da tecnologia, o vice-presidente afirmou que a reuni\u00e3o foi acompanhada, por meio de videoconfer\u00eancia, por um representante da Secretaria de Com\u00e9rcio dos EUA, que n\u00e3o teve o nome revelado. Essa participa\u00e7\u00e3o foi uma <a href=\"https:\/\/www.canalrural.com.br\/internacional\/sem-citar-brasil-eua-estudam-nao-aplicar-tarifas-para-cafe-cacau-manga-e-abacaxi\/\">solicita\u00e7\u00e3o do secret\u00e1rio de Com\u00e9rcio dos EUA, Howard Lutnick<\/a>, em uma nova conversa com Alckmin ocorrida na segunda-feira, contou o vice.<\/p>\n<p>\u201cE sobre a quest\u00e3o tarif\u00e1ria, estamos empenhados em evitar que tenhamos uma tarifa totalmente injustific\u00e1vel, de 50%, sendo que dos grandes pa\u00edses do mundo, tem tr\u00eas que os Estados Unidos t\u00eam super\u00e1vit: Reino Unido, Austr\u00e1lia e Brasil. E sendo que, dos 10 produtos que eles mais exportam, em oito a al\u00edquota \u00e9 zero, n\u00e3o paga imposto de importa\u00e7\u00e3o para entrar no Brasil\u201d, insistiu Alckmin.<\/p>\n<p>Al\u00e9m de se reunir com representantes das big techs, o vice-presidente recebeu nesta ter\u00e7a representantes da Federa\u00e7\u00e3o das Ind\u00fastrias do Estado do Rio de Janeiro (Firjan). O estado \u00e9 um grande exportador de petr\u00f3leo e a\u00e7o para o mercado norte-americano. Quem tamb\u00e9m se reuniu com Alckmin foi o governador do Cear\u00e1, Elmano de Freitas, e representantes empresariais do estado, que \u00e9 o que mais exporta, em termos proporcionais, para os Estados Unidos. Mais de 40% das vendas externas cearenses t\u00eam como destino o pa\u00eds mais rico do mundo, inclu\u00eddo itens como a\u00e7o, ferro, pescado, crust\u00e1ceos, m\u00e1quinas, cal\u00e7ados, entre outros.<\/p>\n<\/p><\/div>\n<p><br \/>\n<br \/><a href=\"https:\/\/www.canalrural.com.br\/economia\/alckmin-volta-a-se-reunir-com-big-techs\/\">Source link <\/a><\/p>\n","protected":false},"excerpt":{"rendered":"<p>O vice-presidente e ministro do Desenvolvimento, Ind\u00fastria e Com\u00e9rcio, Geraldo Alckmin, recebeu nesta ter\u00e7a-feira (29) representantes das empresas norte-americanas Meta,<\/p>\n","protected":false},"author":1,"featured_media":2093,"comment_status":"open","ping_status":"open","sticky":false,"template":"","format":"standard","meta":{"_monsterinsights_skip_tracking":false,"_monsterinsights_sitenote_active":false,"_monsterinsights_sitenote_note":"","_monsterinsights_sitenote_category":0,"_uf_show_specific_survey":0,"_uf_disable_surveys":false,"footnotes":""},"categories":[1],"tags":[],"class_list":["post-17685","post","type-post","status-publish","format-standard","has-post-thumbnail","hentry","category-news"],"_links":{"self":[{"href":"https:\/\/agromt.news\/index.php?rest_route=\/wp\/v2\/posts\/17685"}],"collection":[{"href":"https:\/\/agromt.news\/index.php?rest_route=\/wp\/v2\/posts"}],"about":[{"href":"https:\/\/agromt.news\/index.php?rest_route=\/wp\/v2\/types\/post"}],"author":[{"embeddable":true,"href":"https:\/\/agromt.news\/index.php?rest_route=\/wp\/v2\/users\/1"}],"replies":[{"embeddable":true,"href":"https:\/\/agromt.news\/index.php?rest_route=%2Fwp%2Fv2%2Fcomments&post=17685"}],"version-history":[{"count":0,"href":"https:\/\/agromt.news\/index.php?rest_route=\/wp\/v2\/posts\/17685\/revisions"}],"wp:featuredmedia":[{"embeddable":true,"href":"https:\/\/agromt.news\/index.php?rest_route=\/wp\/v2\/media\/2093"}],"wp:attachment":[{"href":"https:\/\/agromt.news\/index.php?rest_route=%2Fwp%2Fv2%2Fmedia&parent=17685"}],"wp:term":[{"taxonomy":"category","embeddable":true,"href":"https:\/\/agromt.news\/index.php?rest_route=%2Fwp%2Fv2%2Fcategories&post=17685"},{"taxonomy":"post_tag","embeddable":true,"href":"https:\/\/agromt.news\/index.php?rest_route=%2Fwp%2Fv2%2Ftags&post=17685"}],"curies":[{"name":"wp","href":"https:\/\/api.w.org\/{rel}","templated":true}]}}