{"id":17682,"date":"2025-07-30T07:05:40","date_gmt":"2025-07-30T11:05:40","guid":{"rendered":"https:\/\/agromt.news\/?p=17682"},"modified":"2025-07-30T07:05:40","modified_gmt":"2025-07-30T11:05:40","slug":"frio-aumenta-e-massa-de-ar-polar-provoca-geadas","status":"publish","type":"post","link":"https:\/\/agromt.news\/?p=17682","title":{"rendered":"Frio aumenta e massa de ar polar provoca geadas"},"content":{"rendered":"<p> <br \/>\n<br \/><img decoding=\"async\" src=\"https:\/\/agromt.news\/wp-content\/uploads\/2025\/04\/Quarta-feira-tera-chance-de-frio-recorde-em-SP.jpg\" \/><\/p>\n<div>\n<p>Tempo firme predomina ao longo do dia na regi\u00e3o Sul, sem previs\u00e3o de chuva nos tr\u00eas estados. O destaque fica para as temperaturas reduzidas, devido \u00e0 presen\u00e7a da massa de ar polar, que favorece a forma\u00e7\u00e3o de geada entre o norte do Paran\u00e1 e a Campanha Ga\u00facha, no Rio Grande do Sul. Outro ponto importante desta quarta-feira \u00e9 a previs\u00e3o de nevoeiro na Serra Ga\u00facha. A umidade relativa do ar tamb\u00e9m chama aten\u00e7\u00e3o, ficando abaixo dos 30% nos hor\u00e1rios mais quentes do dia, principalmente no noroeste e norte do Paran\u00e1. H\u00e1 previs\u00e3o de ressaca entre Mostardas (RS) e Florian\u00f3polis (SC), com ondas entre 2,5 m e 3,5 m.<\/p>\n<div data-icp-cta=\"1\" id=\"icp-cta-unique\">Voc\u00ea quer entender como usar o clima a seu favor?<b> <\/b><a href=\"https:\/\/climacampo.canalrural.com.br\/climacampo_-01\">Preparamos um e-book exclusivo<\/a> para ajudar produtores rurais a se antecipar \u00e0s mudan\u00e7as do tempo e planejar melhor suas a\u00e7\u00f5es. Com base em previs\u00f5es meteorol\u00f3gicas confi\u00e1veis, ele oferece orienta\u00e7\u00f5es pr\u00e1ticas para proteger sua lavoura e otimizar seus resultados.<\/div>\n<p>No Sudeste, o sol predomina na maior parte da regi\u00e3o, abrangendo principalmente S\u00e3o Paulo, Minas Gerais e Rio de Janeiro. O destaque \u00e9 a umidade relativa do ar, que ficar\u00e1 abaixo dos 30% nos hor\u00e1rios mais quentes do dia no interior de S\u00e3o Paulo, centro-sul e oeste mineiro e na regi\u00e3o serrana do Rio de Janeiro. A manh\u00e3 come\u00e7a gelada, com previs\u00e3o de geada na Serra da Mantiqueira. As rajadas de vento seguem intensas no litoral da regi\u00e3o, com destaque para o litoral do Rio de Janeiro, onde podem soprar entre 51 e 70 km\/h. H\u00e1 previs\u00e3o de ressaca entre Iguape (SP) e Maca\u00e9 (RJ), com ondas entre 2,5 m e 3,5 m. Para o Esp\u00edrito Santo, a circula\u00e7\u00e3o p\u00f3s-passagem da frente fria favorece pancadas de chuva mais isoladas ao longo do dia, inclusive na capital Vit\u00f3ria.<\/p>\n<p><em>Veja em primeira m\u00e3o tudo sobre agricultura, pecu\u00e1ria, economia e previs\u00e3o do tempo:<\/em><a href=\"https:\/\/news.google.com\/publications\/CAAqBwgKMPKZlQswq_mqAw?hl=pt-BR&amp;gl=BR&amp;ceid=BR%3Apt-419\" target=\"_blank\" rel=\"noreferrer noopener\"><em>\u00a0siga o Canal Rural no Google News!<\/em><\/a><\/p>\n<\/div>\n<div>\n<p>Enquanto no Centro-Oeste, a previs\u00e3o \u00e9 de tempo seco e quente. As temperaturas continuam elevadas em Mato Grosso, Goi\u00e1s e Distrito Federal, e voltam a subir em Mato Grosso do Sul ap\u00f3s um breve per\u00edodo mais ameno. N\u00e3o h\u00e1 previs\u00e3o de chuva e a umidade do ar permanece baixa, ficando abaixo de 30% nos quatro estados da regi\u00e3o. No sul de Goi\u00e1s, os \u00edndices podem cair abaixo de 20%, atingindo o limiar de alerta para a sa\u00fade.<\/p>\n<p>J\u00e1 no Nordeste, a frente fria chega ao litoral sul da Bahia, com previs\u00e3o de pancadas de chuva de moderada a forte intensidade. As pancadas de chuva tamb\u00e9m ocorrem entre Sergipe e o litoral do Maranh\u00e3o, com destaque para a faixa entre o litoral maranhense e o Cear\u00e1, onde a precipita\u00e7\u00e3o chega com intensidade moderada a forte. Para o interior nordestino, o tempo permanece firme, com umidade relativa do ar abaixo de 30% nos hor\u00e1rios mais quentes do dia, abrangendo o sul do Maranh\u00e3o, sul do Piau\u00ed e oeste da Bahia.<\/p>\n<p>E na Regi\u00e3o Norte, pancadas isoladas continuam no oeste do Acre, norte de Roraima, Amap\u00e1 e \u00e1reas do Amazonas. Nessas localidades, a chuva ocorre de forma passageira, intercalando per\u00edodos de sol. Em grande parte da regi\u00e3o, as temperaturas voltam a subir, com m\u00e1ximas acima de 32\u202f\u00b0C em Manaus e at\u00e9 34\u202f\u00b0C no interior do Acre e no sul do Amazonas.<\/p>\n<\/p><\/div>\n<p><br \/>\n<br \/><a href=\"https:\/\/www.canalrural.com.br\/diversos\/frio-aumenta-e-massa-de-ar-polar-provoca-geadas\/\">Source link <\/a><\/p>\n","protected":false},"excerpt":{"rendered":"<p>Tempo firme predomina ao longo do dia na regi\u00e3o Sul, sem previs\u00e3o de chuva nos tr\u00eas estados. O destaque fica<\/p>\n","protected":false},"author":1,"featured_media":12706,"comment_status":"open","ping_status":"open","sticky":false,"template":"","format":"standard","meta":{"_monsterinsights_skip_tracking":false,"_monsterinsights_sitenote_active":false,"_monsterinsights_sitenote_note":"","_monsterinsights_sitenote_category":0,"_uf_show_specific_survey":0,"_uf_disable_surveys":false,"footnotes":""},"categories":[1],"tags":[],"class_list":["post-17682","post","type-post","status-publish","format-standard","has-post-thumbnail","hentry","category-news"],"_links":{"self":[{"href":"https:\/\/agromt.news\/index.php?rest_route=\/wp\/v2\/posts\/17682"}],"collection":[{"href":"https:\/\/agromt.news\/index.php?rest_route=\/wp\/v2\/posts"}],"about":[{"href":"https:\/\/agromt.news\/index.php?rest_route=\/wp\/v2\/types\/post"}],"author":[{"embeddable":true,"href":"https:\/\/agromt.news\/index.php?rest_route=\/wp\/v2\/users\/1"}],"replies":[{"embeddable":true,"href":"https:\/\/agromt.news\/index.php?rest_route=%2Fwp%2Fv2%2Fcomments&post=17682"}],"version-history":[{"count":0,"href":"https:\/\/agromt.news\/index.php?rest_route=\/wp\/v2\/posts\/17682\/revisions"}],"wp:featuredmedia":[{"embeddable":true,"href":"https:\/\/agromt.news\/index.php?rest_route=\/wp\/v2\/media\/12706"}],"wp:attachment":[{"href":"https:\/\/agromt.news\/index.php?rest_route=%2Fwp%2Fv2%2Fmedia&parent=17682"}],"wp:term":[{"taxonomy":"category","embeddable":true,"href":"https:\/\/agromt.news\/index.php?rest_route=%2Fwp%2Fv2%2Fcategories&post=17682"},{"taxonomy":"post_tag","embeddable":true,"href":"https:\/\/agromt.news\/index.php?rest_route=%2Fwp%2Fv2%2Ftags&post=17682"}],"curies":[{"name":"wp","href":"https:\/\/api.w.org\/{rel}","templated":true}]}}