{"id":17675,"date":"2025-07-30T00:49:23","date_gmt":"2025-07-30T04:49:23","guid":{"rendered":"https:\/\/agromt.news\/?p=17675"},"modified":"2025-07-30T00:49:23","modified_gmt":"2025-07-30T04:49:23","slug":"preco-do-milho-recua-mais-de-40-em-mato-grosso-mas-demanda-evita-queda-maior","status":"publish","type":"post","link":"https:\/\/agromt.news\/?p=17675","title":{"rendered":"Pre\u00e7o do milho recua mais de 40% em Mato Grosso, mas demanda evita queda maior"},"content":{"rendered":"<p> <br \/>\n<\/p>\n<div>\n<div class=\"row\">\n<div class=\"col-lg col-infos mt-0 mt-lg-0\">\n<div class=\"section-sub-title\">\n<p itemprop=\"description\">&#13;<br \/>\n                                Mercado do milho em Mato Grosso atravessa um per\u00edodo de forte press\u00e3o&#13;\n                            <\/p>\n<\/p><\/div>\n<div class=\"container\">\n<div class=\"row\">\n<div class=\"col-lg p-0\">\n<div>\n<div class=\"block-news-main-infos mt-3 text-start\">\n<p>                                            <strong class=\"fn\" itemprop=\"author\" style=\"color: rgb(112, 112, 112); \">&#13;<br \/>\n                                                <a href=\"https:\/\/www.agrolink.com.br\/noticias\/javascript:;\" class=\"text-uppercase\" target=\"_blank\" style=\"color: rgb(112, 112, 112); \" rel=\"noopener\">Agrolink<\/a>&#13;<br \/>\n&#13;<br \/>\n                                                    &#8211; Aline Merladete&#13;<br \/>\n&#13;<br \/>\n                                            <\/strong><br \/>\n                                        <\/p>\n<p>                                            <abbr><time datetime=\"2025-07-29T08:26\" itemprop=\"datePublished dateModified\">Publicado em 29\/07\/2025 \u00e0s 08:26h.<\/time><\/abbr><br \/>\n                                            <\/p><\/div>\n<\/p><\/div>\n<\/p><\/div>\n<div class=\"col-lg p-0 text-lg-end\">\n<div>\n<div id=\"mdEnviarPagina\" class=\"modal fade\" role=\"dialog\">\n<div class=\"modal-dialog\">\n<div class=\"modal-content\">\n<div class=\"modal-body\">\n<p><strong>Estimado usu\u00e1rio.<\/strong><br \/>Preencha o formul\u00e1rio abaixo para remeter a p\u00e1gina.<\/p>\n<\/p><\/div>\n<\/p><\/div>\n<\/p><\/div>\n<\/div><\/div>\n<\/p><\/div>\n<\/p><\/div>\n<\/p><\/div>\n<\/p><\/div>\n<\/p><\/div>\n<div class=\"row justify-content-md-center mt-3\">\n<div class=\"col-lg-auto col-image block-news-main-image\">\n<p>                                <img decoding=\"async\" src=\"https:\/\/www.agrolink.com.br\/upload\/imagens-resizes\/7b0572e203584a089ebeb0c2b772fc65_858x483.jpg\" class=\"lazyload img-fluid\"\/><br \/>\n                                                <span class=\"publicity-photo d-block mt-1\">Foto: Nadia Borges<\/span><\/p><\/div>\n<\/p><\/div>\n<div class=\"section-description section-description-noticias mt-3\">\n<p style=\"text-align:justify\">O mercado do <a href=\"https:\/\/www.agrolink.com.br\/culturas\/milho?utm_source=agrolink-detalhe-noticia&amp;utm_medium=detalhe-noticia&amp;utm_campaign=links-internos&#9;\" target=\"_blank\" rel=\"noopener\">milho<\/a> em Mato Grosso atravessa um per\u00edodo de forte press\u00e3o nos pre\u00e7os. Nos \u00faltimos tr\u00eas meses, o valor do gr\u00e3o dispon\u00edvel no estado acumulou uma retra\u00e7\u00e3o de 41,03%, de acordo com o boletim informativo mais recente do Instituto Mato-grossense de Economia Agropecu\u00e1ria (Imea). A expectativa de uma produ\u00e7\u00e3o mais robusta para a safra 2024\/25 tem sido o principal fator para essa tend\u00eancia de baixa nas cota\u00e7\u00f5es.&#13;\n<\/p>\n<p style=\"text-align:justify\">Segundo informa\u00e7\u00f5es do boletim do Imea, apesar da forte queda, o pre\u00e7o do cereal tem se mantido acima dos R$ 40,00 por saca, sustentado pela demanda interna. O consumo dentro do estado tem servido como um importante colch\u00e3o de amortecimento, evitando que os pre\u00e7os desabem ainda mais no curto prazo.<\/p>\n<p style=\"text-align:justify\">Em uma an\u00e1lise comparativa entre as semanas de 21 a 25 de julho de 2025 e o mesmo per\u00edodo do ano anterior, os pre\u00e7os do milho em Mato Grosso registraram alta de 3,43%. O incremento anual \u00e9 atribu\u00eddo \u00e0 maior antecipa\u00e7\u00e3o nas vendas da safra 2024\/25 em rela\u00e7\u00e3o ao ciclo anterior. Outro fator que impactou o mercado foi o atraso na colheita atual, que escalonou a entrada do gr\u00e3o nos armaz\u00e9ns e reduziu a press\u00e3o imediata sobre os pre\u00e7os.&#13;\n<\/p>\n<p style=\"text-align:justify\">Al\u00e9m dos fatores regionais, o cen\u00e1rio internacional tamb\u00e9m exerce influ\u00eancia direta sobre as cota\u00e7\u00f5es do milho no Brasil. As oscila\u00e7\u00f5es nas bolsas de Chicago e as varia\u00e7\u00f5es cambiais do d\u00f3lar seguem como importantes balizadores do mercado interno, interferindo diretamente no poder de barganha dos produtores e nas margens de comercializa\u00e7\u00e3o.<\/p>\n<p style=\"text-align:justify\">Com o avan\u00e7o da colheita e a confirma\u00e7\u00e3o das estimativas de produ\u00e7\u00e3o, o mercado segue atento \u00e0 evolu\u00e7\u00e3o da oferta e demanda, tanto no cen\u00e1rio dom\u00e9stico quanto no internacional. O comportamento da moeda americana e os rumos do consumo interno continuar\u00e3o sendo fatores determinantes para a forma\u00e7\u00e3o dos pre\u00e7os nos pr\u00f3ximos meses.&#13;\n<\/p>\n<p style=\"text-align:justify\">\u00a0<\/p>\n<p style=\"text-align:justify\">\u00a0<\/p>\n<p style=\"text-align:justify\">\u00a0<\/p>\n<\/p><\/div>\n<\/p><\/div>\n<p><script data-cfasync=\"false\">\n    !function (f, b, e, v, n, t, s) {\n        if (f.fbq) return; n = f.fbq = function () {\n            n.callMethod ?\n                n.callMethod.apply(n, arguments) : n.queue.push(arguments)\n        };\n        if (!f._fbq) f._fbq = n; n.push = n; n.loaded = !0; n.version = '2.0';\n        n.queue = []; t = b.createElement(e); t.async = !0;\n        t.src = v; s = b.getElementsByTagName(e)[0];\n        s.parentNode.insertBefore(t, s)\n    }(window, document, 'script',\n        'https:\/\/connect.facebook.net\/en_US\/fbevents.js');\n    fbq('init', '522546078623747');\n    fbq('track', 'PageView');\n<\/script><br \/>\n<br \/><br \/>\n<br \/><a href=\"https:\/\/www.agrolink.com.br\/noticias\/preco-do-milho-recua-mais-de-40--em-mato-grosso--mas-demanda-evita-queda-maior_504411.html\">Source link <\/a><\/p>\n","protected":false},"excerpt":{"rendered":"<p>&#13; Mercado do milho em Mato Grosso atravessa um per\u00edodo de forte press\u00e3o&#13; &#13; Agrolink&#13; &#13; &#8211; Aline Merladete&#13; &#13;<\/p>\n","protected":false},"author":1,"featured_media":2330,"comment_status":"open","ping_status":"open","sticky":false,"template":"","format":"standard","meta":{"_monsterinsights_skip_tracking":false,"_monsterinsights_sitenote_active":false,"_monsterinsights_sitenote_note":"","_monsterinsights_sitenote_category":0,"_uf_show_specific_survey":0,"_uf_disable_surveys":false,"footnotes":""},"categories":[8,1,14],"tags":[],"class_list":["post-17675","post","type-post","status-publish","format-standard","has-post-thumbnail","hentry","category-agro","category-news","category-politica-agro"],"_links":{"self":[{"href":"https:\/\/agromt.news\/index.php?rest_route=\/wp\/v2\/posts\/17675"}],"collection":[{"href":"https:\/\/agromt.news\/index.php?rest_route=\/wp\/v2\/posts"}],"about":[{"href":"https:\/\/agromt.news\/index.php?rest_route=\/wp\/v2\/types\/post"}],"author":[{"embeddable":true,"href":"https:\/\/agromt.news\/index.php?rest_route=\/wp\/v2\/users\/1"}],"replies":[{"embeddable":true,"href":"https:\/\/agromt.news\/index.php?rest_route=%2Fwp%2Fv2%2Fcomments&post=17675"}],"version-history":[{"count":0,"href":"https:\/\/agromt.news\/index.php?rest_route=\/wp\/v2\/posts\/17675\/revisions"}],"wp:featuredmedia":[{"embeddable":true,"href":"https:\/\/agromt.news\/index.php?rest_route=\/wp\/v2\/media\/2330"}],"wp:attachment":[{"href":"https:\/\/agromt.news\/index.php?rest_route=%2Fwp%2Fv2%2Fmedia&parent=17675"}],"wp:term":[{"taxonomy":"category","embeddable":true,"href":"https:\/\/agromt.news\/index.php?rest_route=%2Fwp%2Fv2%2Fcategories&post=17675"},{"taxonomy":"post_tag","embeddable":true,"href":"https:\/\/agromt.news\/index.php?rest_route=%2Fwp%2Fv2%2Ftags&post=17675"}],"curies":[{"name":"wp","href":"https:\/\/api.w.org\/{rel}","templated":true}]}}